{"id":26104,"date":"2018-02-21T00:50:41","date_gmt":"2018-02-21T03:50:41","guid":{"rendered":"http:\/\/www.sincomam.org.br\/?p=26104"},"modified":"2018-02-20T18:31:17","modified_gmt":"2018-02-20T21:31:17","slug":"marinha-comeca-a-integracao-de-quatro-submarinos-da-classe-riachuelo","status":"publish","type":"post","link":"https:\/\/www.sincomam.org.br\/index.php\/marinha-comeca-a-integracao-de-quatro-submarinos-da-classe-riachuelo\/","title":{"rendered":"Marinha come\u00e7a a integra\u00e7\u00e3o de quatro submarinos da Classe Riachuelo"},"content":{"rendered":"<p>A Marinha come\u00e7ou nesta ter\u00e7a-feira (20) a fase de integra\u00e7\u00e3o dos quatro submarinos convencionais da Classe Riachuelo, constru\u00eddos pelo Programa de Desenvolvimento de Submarinos (Prosub). O presidente Michel Temer e outras autoridades participaram da cerim\u00f4nia de in\u00edcio da montagem final do primeiro deles, no Complexo Naval de Itagua\u00ed, na regi\u00e3o metropolitana do Rio de Janeiro. O presidente acionou o mecanismo simb\u00f3lico que uniu duas partes da embarca\u00e7\u00e3o.<\/p>\n<p>Temer destacou a import\u00e2ncia da constru\u00e7\u00e3o do submarino para o desenvolvimento tecnol\u00f3gico e cient\u00edfico do pa\u00eds. &#8220;Vamos avan\u00e7ando a passos firmes em um projeto abrangente e ambicioso. O Prosub \u00e9 pe\u00e7a chave n\u00e3o apenas em nossa pol\u00edtica de defesa, mas tamb\u00e9m em nossa estrat\u00e9gia de desenvolvimento cient\u00edfico e tecnol\u00f3gico. Estamos construindo mais um cap\u00edtulo em defesa da soberania nacional&#8221;.<\/p>\n<p>O presidente lembrou que a constru\u00e7\u00e3o do submarino de propuls\u00e3o nuclear, com tecnologia totalmente brasileira, impulsionar\u00e1 tamb\u00e9m setores tecnol\u00f3gicos como a medicina e a matriz energ\u00e9tica, al\u00e9m de gerar empregos de m\u00e3o de obra extremamente especializada.<\/p>\n<p>O ministro da Defesa, Raul Jungmann, destacou a import\u00e2ncia do pa\u00eds ter capacidade de dissuas\u00e3o, alcan\u00e7ada com os submarinos, apesar de ser um pa\u00eds pac\u00edfico. &#8220;Vai nos possibilitar a capacidade de ter uma tecnologia que nos d\u00ea defesa, desenvolvimento e produtividade. O Brasil \u00e9 um pa\u00eds provedor de paz. O Brasil \u00e9 um defensor da ordem internacional e do direito internacional dos povos. N\u00f3s respeitamos a soberania e n\u00e3o aceitamos a solu\u00e7\u00e3o pela for\u00e7a e a inger\u00eancia seja de quem for e por qual motivo. Mas infelizmente na ordem internacional prevalece a anarquia e n\u00e3o o direito. Por isso o Brasil precisa de capacidade de dissuas\u00e3o para defender a sua soberania, o seu territ\u00f3rio e os seus interesses. Embora pac\u00edfico, n\u00e3o \u00e9 desarmado e nunca ser\u00e1 desarmado na defesa de seu povo e dos seus interesses&#8221;.<\/p>\n<p>O governador do Rio de Janeiro, Luiz Fernando Pez\u00e3o, lembrou que o projeto gera 4.700 postos de trabalho diretos e indiretos, o que \u00e9 necess\u00e1rio para o estado, segundo ele, inclusive para promover a seguran\u00e7a.<\/p>\n<p>&#8220;Hoje, a gente come\u00e7a a retomar [a economia], devido a esse grande trabalho da equipe econ\u00f4mica. O Brasil come\u00e7a a crescer de novo. O que n\u00f3s precisamos no estado do Rio \u00e9 de muita seguran\u00e7a, e o senhor [presidente Temer] est\u00e1 sendo parceiro nosso, mas a gente precisa muito de emprego, que a atividade econ\u00f4mica volte fortemente. O que o ministro [da Fazenda, Henrique] Meirelles puder colocar aqui, trazer investimentos estrat\u00e9gicos, \u00e9 fundamental. A gente s\u00f3 ganha a guerra da seguran\u00e7a p\u00fablica com a carteira de trabalho assinada&#8221;.<\/p>\n<p>As autoridades n\u00e3o deram declara\u00e7\u00f5es sobre a interven\u00e7\u00e3o militar federal no Rio de Janeiro e sa\u00edram sem conversar com a imprensa.<\/p>\n<p>Constru\u00e7\u00e3o<\/p>\n<p>Essa fase \u00e9 a \u00faltima antes do lan\u00e7amento ao mar do submarino Riachuelo, previsto para o segundo semestre. A montagem envolve elevada sofistica\u00e7\u00e3o tecnol\u00f3gica e o projeto conta com a participa\u00e7\u00e3o de universidades e centros de pesquisa, fomentando o desenvolvimento tecnol\u00f3gico e de materiais do pa\u00eds.<\/p>\n<p>Os segmentos foram constru\u00eddos na Unidade de Fabrica\u00e7\u00e3o de Estruturas Met\u00e1licas (Ufem), tamb\u00e9m em Itagua\u00ed, e foram transportados em tr\u00eas etapas. A primeira, no dia 14 de fevereiro, levou para o local da montagem, distante cinco quil\u00f4metros do local de fabrica\u00e7\u00e3o, uma parte com 39,86 metros de comprimento, 12,30 de altura e pesando 619 toneladas. A segunda parte, com 18 metros de comprimento e 370 toneladas, foi transportada no dia 4 de fevereiro. O \u00faltimo segmento, com 14 metros e 190 toneladas, foi movimentado no dia 8 de fevereiro.<\/p>\n<p>O comandante da Marinha, almirante de esquadra Leal Ferreira, ressaltou que o pa\u00eds recupera com o projeto a capacidade de constru\u00e7\u00e3o de submarinos. O primeiro ser\u00e1 incorporado \u00e0 frota em 2019 e, at\u00e9 2023, um por ano. Ele admitiu um atraso de dois anos no projeto, devido principalmente a dificuldades relativas a cortes or\u00e7ament\u00e1rios.<\/p>\n<p>&#8220;Os atrasos tivemos dois aspectos, o or\u00e7ament\u00e1rio, que todos da esfera federal tiveram, e o t\u00e9cnico, envolvidos com o modelo, que \u00e9 mais comprido que o franc\u00eas. O submarino que vamos receber em 2019 estava previsto para 2017&#8221;, disse o almirante.<\/p>\n<p>Al\u00e9m dos quatro submarinos convencionais, o Prosub, lan\u00e7ado em 2008 num acordo de transfer\u00eancia de tecnologia com a Fran\u00e7a, tamb\u00e9m est\u00e1 construindo o primeiro submarino de propuls\u00e3o nuclear do Brasil, com tecnologia totalmente brasileira. A previs\u00e3o \u00e9 que o submarino nuclear brasileiro fique pronto em 2029.<\/p>\n<p>O Brasil conta atualmente com cinco submarinos, sendo um da classe Tikuna, constru\u00eddo no Brasil e que ficou pronto em 2008, e quatro da classe Tupi, sendo o primeiro constru\u00eddo na Alemanha entre 1987 e 1989 e os outros tr\u00eas, iguais ao alem\u00e3o, montados no Brasil, mas sem transfer\u00eancia de tecnologia, nas d\u00e9cadas de 1990 e 2000.<\/p>\n<p>Fonte: A Tribuna<\/p>\n","protected":false},"excerpt":{"rendered":"<p>A Marinha come\u00e7ou nesta ter\u00e7a-feira (20) a fase de integra\u00e7\u00e3o dos quatro submarinos convencionais da Classe Riachuelo, constru\u00eddos pelo Programa de Desenvolvimento de Submarinos (Prosub)&#8230;.<\/p>\n","protected":false},"author":1182,"featured_media":10689,"comment_status":"closed","ping_status":"closed","sticky":false,"template":"","format":"standard","meta":{"footnotes":""},"categories":[6],"tags":[],"class_list":["post-26104","post","type-post","status-publish","format-standard","has-post-thumbnail","hentry","category-noticias"],"_links":{"self":[{"href":"https:\/\/www.sincomam.org.br\/index.php\/wp-json\/wp\/v2\/posts\/26104","targetHints":{"allow":["GET"]}}],"collection":[{"href":"https:\/\/www.sincomam.org.br\/index.php\/wp-json\/wp\/v2\/posts"}],"about":[{"href":"https:\/\/www.sincomam.org.br\/index.php\/wp-json\/wp\/v2\/types\/post"}],"author":[{"embeddable":true,"href":"https:\/\/www.sincomam.org.br\/index.php\/wp-json\/wp\/v2\/users\/1182"}],"replies":[{"embeddable":true,"href":"https:\/\/www.sincomam.org.br\/index.php\/wp-json\/wp\/v2\/comments?post=26104"}],"version-history":[{"count":1,"href":"https:\/\/www.sincomam.org.br\/index.php\/wp-json\/wp\/v2\/posts\/26104\/revisions"}],"predecessor-version":[{"id":26105,"href":"https:\/\/www.sincomam.org.br\/index.php\/wp-json\/wp\/v2\/posts\/26104\/revisions\/26105"}],"wp:featuredmedia":[{"embeddable":true,"href":"https:\/\/www.sincomam.org.br\/index.php\/wp-json\/wp\/v2\/media\/10689"}],"wp:attachment":[{"href":"https:\/\/www.sincomam.org.br\/index.php\/wp-json\/wp\/v2\/media?parent=26104"}],"wp:term":[{"taxonomy":"category","embeddable":true,"href":"https:\/\/www.sincomam.org.br\/index.php\/wp-json\/wp\/v2\/categories?post=26104"},{"taxonomy":"post_tag","embeddable":true,"href":"https:\/\/www.sincomam.org.br\/index.php\/wp-json\/wp\/v2\/tags?post=26104"}],"curies":[{"name":"wp","href":"https:\/\/api.w.org\/{rel}","templated":true}]}}