{"id":26093,"date":"2018-02-21T00:13:29","date_gmt":"2018-02-21T03:13:29","guid":{"rendered":"http:\/\/www.sincomam.org.br\/?p=26093"},"modified":"2018-02-20T18:21:19","modified_gmt":"2018-02-20T21:21:19","slug":"apos-atrasos-e-cortes-construcao-de-submarino-entra-na-reta-final-no-rio","status":"publish","type":"post","link":"https:\/\/www.sincomam.org.br\/index.php\/apos-atrasos-e-cortes-construcao-de-submarino-entra-na-reta-final-no-rio\/","title":{"rendered":"Ap\u00f3s atrasos e cortes, constru\u00e7\u00e3o de submarino entra na reta final no Rio"},"content":{"rendered":"<p>Submarino Humait\u00e1 -SBR-2 em Constru\u00e7\u00e3o na UFEM da Base Naval e Estaleiro em Itagua\u00ed (RJ). O projeto \u00e9 implantado pelo Minist\u00e9rio da Defesa\u00a0 Interior do submarino Tapaj\u00f3, da Marinha do Brasil, ancorado na base naval\u00a0 \u00c1rea Sul do estaleiro de constru\u00e7\u00e3o e base naval, em Itagua\u00ed (RJ). No complexo naval, ser\u00e1 lan\u00e7ada em breve a primeira embarca\u00e7\u00e3o do Programa de Desenvolvimento de Submarino, implantado pelo Minist\u00e9rio da Defesa\u00a0 Navio Doca Multiprop\u00f3sito ?Bahia? G-40, da Marinha do Brasil, durante deslocamento pela costa brasileira\u00a0 Navio Doca Multiprop\u00f3sito ?Bahia? G-40, da Marinha do Brasil, durante deslocamento pela costa brasileira\u00a0 Navio Doca Multiprop\u00f3sito ?Bahia? G-40, da Marinha do Brasil, durante deslocamento pela costa brasileira\u00a0 Submarino\u00a0<\/p>\n<p>Uma solenidade com a presen\u00e7a do presidente Michel Temer marcou o in\u00edcio da fase de integra\u00e7\u00e3o do submarino Riachuelo, em que diferentes partes do equipamento s\u00e3o acopladas e integradas.<\/p>\n<p>A previs\u00e3o \u00e9 que o submarino seja lan\u00e7ado ao mar no fim de 2018. O atraso \u00e9 estimado em dois anos.<\/p>\n<p>O comandante da Marinha, Eduardo Bacellar Leal Ferreira, citou entre as justificativas &#8220;dificuldades&#8221; de or\u00e7amento e mudan\u00e7as no projeto original.<\/p>\n<p>&#8220;Toda a esfera governamental sentiu muito os cortes or\u00e7ament\u00e1rios que tivemos&#8221;, disse, a jornalistas.<\/p>\n<p>Na cerim\u00f4nia com Temer, que contou tamb\u00e9m com as presen\u00e7as dos ministros da Fazenda, Henrique Meirelles, e da Casa Civil, Eliseu Padilha, Leal Ferreira defendeu &#8220;o aporte constante de recursos&#8221; para que o programa seja mantido nos moldes atuais.<\/p>\n<p>Em entrevista, o oficial falou que considera pouco o percentual dos gastos militares no pa\u00eds. &#8220;N\u00e3o \u00e9 uma coisa que pese para a na\u00e7\u00e3o&#8221;.<\/p>\n<p>O Prosub j\u00e1 teve gastos estimados em R$ 16,4 bilh\u00f5es desde 2009, segundo a Marinha, o que inclui a instala\u00e7\u00e3o do complexo naval. Al\u00e9m do Riachuelo, outros tr\u00eas est\u00e3o em constru\u00e7\u00e3o e h\u00e1 o projeto, em andamento, de um submarino nuclear com previs\u00e3o para finaliza\u00e7\u00e3o em 2029.<\/p>\n<p>Temer, ao discursar na cerim\u00f4nia, disse que a constru\u00e7\u00e3o do submarino representa a &#8220;soberania&#8221; do pa\u00eds e uma garantia de prote\u00e7\u00e3o do &#8220;patrim\u00f4nio&#8221; nacional.<\/p>\n<p>A explora\u00e7\u00e3o do pr\u00e9-sal, a seguran\u00e7a dos navios mercantes e a capacidade de &#8220;dissuas\u00e3o&#8221; s\u00e3o frequentemente citadas como argumentos para as despesas do governo federal com essa \u00e1rea.<\/p>\n<p>O programa de submarinos inclui um acordo de transfer\u00eancia de tecnologia com a Fran\u00e7a.<\/p>\n<p><strong>LAVA JATO<\/strong><\/p>\n<p>O Prosub chegou a ser mencionado na Opera\u00e7\u00e3o Lava Jato.<\/p>\n<p>Em uma planilha de propina da Odebrecht, por exemplo, o programa \u00e9 listado como origem de cr\u00e9ditos.<\/p>\n<p>O comandante da Marinha diz que o programa \u00e9 submetido a auditorias e avalia\u00e7\u00f5es de \u00f3rg\u00e3os como o Tribunal de Contas da Uni\u00e3o e que n\u00e3o foram identificadas falhas desde o in\u00edcio do projeto. Tamb\u00e9m nega que a opera\u00e7\u00e3o tenha contribu\u00eddo para atrasos.<\/p>\n<p>Fonte: Folha SP<\/p>\n","protected":false},"excerpt":{"rendered":"<p>Submarino Humait\u00e1 -SBR-2 em Constru\u00e7\u00e3o na UFEM da Base Naval e Estaleiro em Itagua\u00ed (RJ). O projeto \u00e9 implantado pelo Minist\u00e9rio da Defesa\u00a0 Interior do&#8230;<\/p>\n","protected":false},"author":1182,"featured_media":17775,"comment_status":"closed","ping_status":"closed","sticky":false,"template":"","format":"standard","meta":{"footnotes":""},"categories":[6],"tags":[],"class_list":["post-26093","post","type-post","status-publish","format-standard","has-post-thumbnail","hentry","category-noticias"],"_links":{"self":[{"href":"https:\/\/www.sincomam.org.br\/index.php\/wp-json\/wp\/v2\/posts\/26093","targetHints":{"allow":["GET"]}}],"collection":[{"href":"https:\/\/www.sincomam.org.br\/index.php\/wp-json\/wp\/v2\/posts"}],"about":[{"href":"https:\/\/www.sincomam.org.br\/index.php\/wp-json\/wp\/v2\/types\/post"}],"author":[{"embeddable":true,"href":"https:\/\/www.sincomam.org.br\/index.php\/wp-json\/wp\/v2\/users\/1182"}],"replies":[{"embeddable":true,"href":"https:\/\/www.sincomam.org.br\/index.php\/wp-json\/wp\/v2\/comments?post=26093"}],"version-history":[{"count":1,"href":"https:\/\/www.sincomam.org.br\/index.php\/wp-json\/wp\/v2\/posts\/26093\/revisions"}],"predecessor-version":[{"id":26094,"href":"https:\/\/www.sincomam.org.br\/index.php\/wp-json\/wp\/v2\/posts\/26093\/revisions\/26094"}],"wp:featuredmedia":[{"embeddable":true,"href":"https:\/\/www.sincomam.org.br\/index.php\/wp-json\/wp\/v2\/media\/17775"}],"wp:attachment":[{"href":"https:\/\/www.sincomam.org.br\/index.php\/wp-json\/wp\/v2\/media?parent=26093"}],"wp:term":[{"taxonomy":"category","embeddable":true,"href":"https:\/\/www.sincomam.org.br\/index.php\/wp-json\/wp\/v2\/categories?post=26093"},{"taxonomy":"post_tag","embeddable":true,"href":"https:\/\/www.sincomam.org.br\/index.php\/wp-json\/wp\/v2\/tags?post=26093"}],"curies":[{"name":"wp","href":"https:\/\/api.w.org\/{rel}","templated":true}]}}