{"id":26091,"date":"2018-02-21T00:00:56","date_gmt":"2018-02-21T03:00:56","guid":{"rendered":"http:\/\/www.sincomam.org.br\/?p=26091"},"modified":"2018-02-20T18:13:14","modified_gmt":"2018-02-20T21:13:14","slug":"preco-dos-imoveis-aumenta-003-em-janeiro-na-media-de-9-capitais","status":"publish","type":"post","link":"https:\/\/www.sincomam.org.br\/index.php\/preco-dos-imoveis-aumenta-003-em-janeiro-na-media-de-9-capitais\/","title":{"rendered":"Pre\u00e7o dos im\u00f3veis aumenta 0,03% em janeiro na m\u00e9dia de 9 capitais"},"content":{"rendered":"<p>O pre\u00e7o m\u00e9dio dos im\u00f3veis residenciais no Pa\u00eds teve uma leve alta de 0,03% em janeiro na compara\u00e7\u00e3o com o mesmo m\u00eas do ano passado. Nos \u00faltimos 12 meses, o pre\u00e7o m\u00e9dio das moradias recuou 0,36%.<\/p>\n<p>Os dados foram divulgados nesta ter\u00e7a-feira 20, pela Associa\u00e7\u00e3o Brasileira das Entidades de Cr\u00e9dito Imobili\u00e1rio e Poupan\u00e7a (Abecip), cuja pesquisa considera os valores dos im\u00f3veis vendidos por meio de financiamento.<\/p>\n<p>A pesquisa mostrou que, em janeiro, cinco das nove capitais cobertas pela pesquisa tiveram alta nominal dos pre\u00e7os. Esses s\u00e3o os casos de Fortaleza (0,32%), Porto Alegre (0,28%), S\u00e3o Paulo (0,09% ), Curitiba (0,09%) e Goi\u00e2nia (0,04%). Nas outras capitais, os pre\u00e7os baixaram, como aconteceu em Salvador (-0,07%), Belo Horizonte (-0,13%), Recife (-0,25%) e Rio de Janeiro (-0,66%).<\/p>\n<div>\n<p>\u201cEsta heterogeneidade com rela\u00e7\u00e3o ao desempenho regional revela alguma volatilidade em torno de uma tend\u00eancia de recupera\u00e7\u00e3o ainda muito lenta no estancamento das quedas dos pre\u00e7os nominais dos im\u00f3veis residenciais ao longo do pa\u00eds\u201d, afirmou a Abecip. \u201cEsta din\u00e2mica deve continuar ao longo do ano, refletindo um balan\u00e7o de for\u00e7as opostas\u201d.<\/p>\n<p>A Abecip pondera que, de um lado, a queda nas taxas de juros, o baixo n\u00edvel da infla\u00e7\u00e3o e alguma recupera\u00e7\u00e3o no mercado de trabalho colaboram para uma recupera\u00e7\u00e3o potencial do setor. De outro lado, a associa\u00e7\u00e3o cita as incertezas associadas aos efeitos do adiamento das reformas necess\u00e1rias para o equacionamento do quadro fiscal e \u00e0 defini\u00e7\u00e3o do quadro pol\u00edtico.<\/p>\n<p>Fonte: Isto \u00c9 Dinheiro<\/p>\n<\/div>\n<div class=\"UMKJh8DH\">\n<div id=\"admateria2\" data-google-query-id=\"COuy1aKztdkCFYkuHwodWGcNFQ\"><\/div>\n<\/div>\n","protected":false},"excerpt":{"rendered":"<p>O pre\u00e7o m\u00e9dio dos im\u00f3veis residenciais no Pa\u00eds teve uma leve alta de 0,03% em janeiro na compara\u00e7\u00e3o com o mesmo m\u00eas do ano passado&#8230;.<\/p>\n","protected":false},"author":1182,"featured_media":3450,"comment_status":"closed","ping_status":"closed","sticky":false,"template":"","format":"standard","meta":{"footnotes":""},"categories":[6],"tags":[],"class_list":["post-26091","post","type-post","status-publish","format-standard","has-post-thumbnail","hentry","category-noticias"],"_links":{"self":[{"href":"https:\/\/www.sincomam.org.br\/index.php\/wp-json\/wp\/v2\/posts\/26091","targetHints":{"allow":["GET"]}}],"collection":[{"href":"https:\/\/www.sincomam.org.br\/index.php\/wp-json\/wp\/v2\/posts"}],"about":[{"href":"https:\/\/www.sincomam.org.br\/index.php\/wp-json\/wp\/v2\/types\/post"}],"author":[{"embeddable":true,"href":"https:\/\/www.sincomam.org.br\/index.php\/wp-json\/wp\/v2\/users\/1182"}],"replies":[{"embeddable":true,"href":"https:\/\/www.sincomam.org.br\/index.php\/wp-json\/wp\/v2\/comments?post=26091"}],"version-history":[{"count":1,"href":"https:\/\/www.sincomam.org.br\/index.php\/wp-json\/wp\/v2\/posts\/26091\/revisions"}],"predecessor-version":[{"id":26092,"href":"https:\/\/www.sincomam.org.br\/index.php\/wp-json\/wp\/v2\/posts\/26091\/revisions\/26092"}],"wp:featuredmedia":[{"embeddable":true,"href":"https:\/\/www.sincomam.org.br\/index.php\/wp-json\/wp\/v2\/media\/3450"}],"wp:attachment":[{"href":"https:\/\/www.sincomam.org.br\/index.php\/wp-json\/wp\/v2\/media?parent=26091"}],"wp:term":[{"taxonomy":"category","embeddable":true,"href":"https:\/\/www.sincomam.org.br\/index.php\/wp-json\/wp\/v2\/categories?post=26091"},{"taxonomy":"post_tag","embeddable":true,"href":"https:\/\/www.sincomam.org.br\/index.php\/wp-json\/wp\/v2\/tags?post=26091"}],"curies":[{"name":"wp","href":"https:\/\/api.w.org\/{rel}","templated":true}]}}