{"id":26089,"date":"2018-02-20T18:11:41","date_gmt":"2018-02-20T21:11:41","guid":{"rendered":"http:\/\/www.sincomam.org.br\/?p=26089"},"modified":"2018-02-20T18:11:41","modified_gmt":"2018-02-20T21:11:41","slug":"demanda-aerea-domestica-sobe-27-em-janeiro-oferta-cresce-23","status":"publish","type":"post","link":"https:\/\/www.sincomam.org.br\/index.php\/demanda-aerea-domestica-sobe-27-em-janeiro-oferta-cresce-23\/","title":{"rendered":"Demanda a\u00e9rea dom\u00e9stica sobe 2,7% em janeiro; oferta cresce 2,3%"},"content":{"rendered":"<p>A demanda por transporte a\u00e9reo dom\u00e9stico (medida em passageiros-quil\u00f4metros pagos transportados, ou RPK) cresceu 2,7% em janeiro ante igual m\u00eas de 2017, informou a Ag\u00eancia Nacional de Avia\u00e7\u00e3o Civil (Anac). No mesmo per\u00edodo, a oferta de assentos (assentos-quil\u00f4metros ofertados, ou ASK) subiu 2,3%.<\/p>\n<p>Com isso, a taxa de aproveitamento em voos dom\u00e9sticos atingiu 84,6%, o maior n\u00edvel para o m\u00eas de janeiro na s\u00e9rie hist\u00f3rica, iniciada em 2000. Na compara\u00e7\u00e3o anual, a taxa foi 0,4% maior, configurando a sexta alta consecutiva.<\/p>\n<p>No m\u00eas passado, foram transportados 8,7 milh\u00f5es de passageiros pagos em voos dom\u00e9sticos, varia\u00e7\u00e3o positiva de 2,1% em rela\u00e7\u00e3o a janeiro de 2017.<\/p>\n<p>A Gol e a Latam permaneceram na lideran\u00e7a no mercado dom\u00e9stico no primeiro m\u00eas deste ano, com 38,6% e 30,2%, respectivamente, da demanda. A Azul alcan\u00e7ou participa\u00e7\u00e3o de 18,1% no per\u00edodo, enquanto a Avianca respondeu por 12,7%. \u201cAssim, a participa\u00e7\u00e3o consolidada das empresas concorrentes das duas l\u00edderes foi de 31,2% em janeiro de 2018, que representou aumento de 3,0% na compara\u00e7\u00e3o com o porcentual apurado em igual m\u00eas do ano anterior\u201d, afirma a Anac.<\/p>\n<p>No segmento de carga paga e correio, o transporte dom\u00e9stico alcan\u00e7ou 32,32 mil toneladas em janeiro, uma alta de 14,8% ante o apurado em igual m\u00eas de 2017.<\/p>\n","protected":false},"excerpt":{"rendered":"<p>A demanda por transporte a\u00e9reo dom\u00e9stico (medida em passageiros-quil\u00f4metros pagos transportados, ou RPK) cresceu 2,7% em janeiro ante igual m\u00eas de 2017, informou a Ag\u00eancia&#8230;<\/p>\n","protected":false},"author":1182,"featured_media":19430,"comment_status":"closed","ping_status":"closed","sticky":false,"template":"","format":"standard","meta":{"footnotes":""},"categories":[6],"tags":[],"class_list":["post-26089","post","type-post","status-publish","format-standard","has-post-thumbnail","hentry","category-noticias"],"_links":{"self":[{"href":"https:\/\/www.sincomam.org.br\/index.php\/wp-json\/wp\/v2\/posts\/26089","targetHints":{"allow":["GET"]}}],"collection":[{"href":"https:\/\/www.sincomam.org.br\/index.php\/wp-json\/wp\/v2\/posts"}],"about":[{"href":"https:\/\/www.sincomam.org.br\/index.php\/wp-json\/wp\/v2\/types\/post"}],"author":[{"embeddable":true,"href":"https:\/\/www.sincomam.org.br\/index.php\/wp-json\/wp\/v2\/users\/1182"}],"replies":[{"embeddable":true,"href":"https:\/\/www.sincomam.org.br\/index.php\/wp-json\/wp\/v2\/comments?post=26089"}],"version-history":[{"count":1,"href":"https:\/\/www.sincomam.org.br\/index.php\/wp-json\/wp\/v2\/posts\/26089\/revisions"}],"predecessor-version":[{"id":26090,"href":"https:\/\/www.sincomam.org.br\/index.php\/wp-json\/wp\/v2\/posts\/26089\/revisions\/26090"}],"wp:featuredmedia":[{"embeddable":true,"href":"https:\/\/www.sincomam.org.br\/index.php\/wp-json\/wp\/v2\/media\/19430"}],"wp:attachment":[{"href":"https:\/\/www.sincomam.org.br\/index.php\/wp-json\/wp\/v2\/media?parent=26089"}],"wp:term":[{"taxonomy":"category","embeddable":true,"href":"https:\/\/www.sincomam.org.br\/index.php\/wp-json\/wp\/v2\/categories?post=26089"},{"taxonomy":"post_tag","embeddable":true,"href":"https:\/\/www.sincomam.org.br\/index.php\/wp-json\/wp\/v2\/tags?post=26089"}],"curies":[{"name":"wp","href":"https:\/\/api.w.org\/{rel}","templated":true}]}}