{"id":25979,"date":"2018-01-31T00:00:23","date_gmt":"2018-01-31T02:00:23","guid":{"rendered":"http:\/\/www.sincomam.org.br\/?p=25979"},"modified":"2018-01-30T17:44:13","modified_gmt":"2018-01-30T19:44:13","slug":"defesa-de-lula-impetra-habeas-corpus-no-stj-para-afastar-cumprimento-de-pena","status":"publish","type":"post","link":"https:\/\/www.sincomam.org.br\/index.php\/defesa-de-lula-impetra-habeas-corpus-no-stj-para-afastar-cumprimento-de-pena\/","title":{"rendered":"Defesa de Lula impetra habeas corpus no STJ para afastar cumprimento de pena"},"content":{"rendered":"<p><span><span>A defesa do ex-presidente Luiz In\u00e1cio Lula da Silva (PT) impetrou nesta ter\u00e7a-feira, 30, um habeas corpus no Superior Tribunal de Justi\u00e7a (STJ) para afastar a determina\u00e7\u00e3o da execu\u00e7\u00e3o provis\u00f3ria da pena ap\u00f3s o julgamento de recursos no Tribunal Regional Federal da 4\u00aa Regi\u00e3o (TRF-4).<br \/><\/span><\/span><\/p>\n<p>O ex-presidente foi sentenciado a 9 anos e 6 meses pelo juiz federal S\u00e9rgio Moro, que entendeu serem o triplex 164-A, no condom\u00ednio Solaris, e suas respectivas reformas, propinas de R$ 2,2 milh\u00f5es da construtora OAS. A pena n\u00e3o apenas foi confirmada pelo TRF-4 como tamb\u00e9m aumentada pelos desembargadores para 12 anos e 1 m\u00eas.<\/p>\n<p>Ao condenar Lula, os desembargadores pediram para que a pena seja executada ap\u00f3s esgotados os recursos no \u00e2mbito da Corte de apela\u00e7\u00f5es da Lava Jato. Em raz\u00e3o da unanimidade da condena\u00e7\u00e3o no TRF-4, cabe \u00e0 defesa de Lula, naquela inst\u00e2ncia, embargos declarat\u00f3rios, recurso por meio do qual se questiona obscuridades nos votos dos desembargadores.<\/p>\n<p>Os advogados requerem \u00e0 Corte que se conceda ordem de habeas corpus para garantir a Lula \u201co direito de aguardar em liberdade at\u00e9 a preclus\u00e3o maior de eventual \u00e9dito condenat\u00f3rio\u201d.<\/p>\n<p>No sistema do STJ, o processo aparece \u201cem autua\u00e7\u00e3o\u201d, n\u00e3o podendo ser poss\u00edvel j\u00e1 saber a quem o habeas corpus ser\u00e1 distribu\u00eddo \u2013 segundo a reportagem apurou, o mais prov\u00e1vel \u00e9 que o caso seja sorteado para o ministro Felix Fischer, relator da Lava Jato no STJ.<\/p>\n<p>\u201cA defesa tamb\u00e9m solicitou ao STJ a concess\u00e3o de medida liminar para desde logo afastar a determina\u00e7\u00e3o de execu\u00e7\u00e3o provis\u00f3ria da pena, de forma a assegurar a Lula a garantia da presun\u00e7\u00e3o da inoc\u00eancia que lhe \u00e9 assegurada pela Constitui\u00e7\u00e3o Federal nesta etapa da a\u00e7\u00e3o penal e, ainda, para paralisar uma indevida interfer\u00eancia de alguns \u00f3rg\u00e3os do Poder Judici\u00e1rio no processo pol\u00edtico-eleitoral que se avinha\u201d, informaram em nota os advogados Cristiano Zanin Martins e Valeska Teixeira Z. Martins.<\/p>\n","protected":false},"excerpt":{"rendered":"<p>A defesa do ex-presidente Luiz In\u00e1cio Lula da Silva (PT) impetrou nesta ter\u00e7a-feira, 30, um habeas corpus no Superior Tribunal de Justi\u00e7a (STJ) para afastar&#8230;<\/p>\n","protected":false},"author":1182,"featured_media":18410,"comment_status":"closed","ping_status":"closed","sticky":false,"template":"","format":"standard","meta":{"footnotes":""},"categories":[6],"tags":[],"class_list":["post-25979","post","type-post","status-publish","format-standard","has-post-thumbnail","hentry","category-noticias"],"_links":{"self":[{"href":"https:\/\/www.sincomam.org.br\/index.php\/wp-json\/wp\/v2\/posts\/25979","targetHints":{"allow":["GET"]}}],"collection":[{"href":"https:\/\/www.sincomam.org.br\/index.php\/wp-json\/wp\/v2\/posts"}],"about":[{"href":"https:\/\/www.sincomam.org.br\/index.php\/wp-json\/wp\/v2\/types\/post"}],"author":[{"embeddable":true,"href":"https:\/\/www.sincomam.org.br\/index.php\/wp-json\/wp\/v2\/users\/1182"}],"replies":[{"embeddable":true,"href":"https:\/\/www.sincomam.org.br\/index.php\/wp-json\/wp\/v2\/comments?post=25979"}],"version-history":[{"count":1,"href":"https:\/\/www.sincomam.org.br\/index.php\/wp-json\/wp\/v2\/posts\/25979\/revisions"}],"predecessor-version":[{"id":25980,"href":"https:\/\/www.sincomam.org.br\/index.php\/wp-json\/wp\/v2\/posts\/25979\/revisions\/25980"}],"wp:featuredmedia":[{"embeddable":true,"href":"https:\/\/www.sincomam.org.br\/index.php\/wp-json\/wp\/v2\/media\/18410"}],"wp:attachment":[{"href":"https:\/\/www.sincomam.org.br\/index.php\/wp-json\/wp\/v2\/media?parent=25979"}],"wp:term":[{"taxonomy":"category","embeddable":true,"href":"https:\/\/www.sincomam.org.br\/index.php\/wp-json\/wp\/v2\/categories?post=25979"},{"taxonomy":"post_tag","embeddable":true,"href":"https:\/\/www.sincomam.org.br\/index.php\/wp-json\/wp\/v2\/tags?post=25979"}],"curies":[{"name":"wp","href":"https:\/\/api.w.org\/{rel}","templated":true}]}}