{"id":25924,"date":"2018-01-24T16:19:47","date_gmt":"2018-01-24T18:19:47","guid":{"rendered":"http:\/\/sincomam.org.br\/?p=25924"},"modified":"2018-01-24T16:19:47","modified_gmt":"2018-01-24T18:19:47","slug":"petroleo-continuara-ai-por-muitos-anos-diz-presidente-da-petrobras","status":"publish","type":"post","link":"https:\/\/www.sincomam.org.br\/index.php\/petroleo-continuara-ai-por-muitos-anos-diz-presidente-da-petrobras\/","title":{"rendered":"Petr\u00f3leo &#8216;continuar\u00e1 a\u00ed por muitos anos&#8217;, diz presidente da Petrobras"},"content":{"rendered":"<p>A Petrobras quer acelerar seus investimentos em inova\u00e7\u00e3o para reduzir seu impacto ambiental, mas a ind\u00fastria de \u00f3leo e g\u00e1s &#8220;continuar\u00e1 a\u00ed por muitos anos&#8221;, afirmou o presidente da Petrobras, Pedro Parente, em confer\u00eancia do F\u00f3rum Econ\u00f4mico Mundial, em Davos.<\/p>\n<p>O executivo participou de uma mesa sobre o futuro do fornecimento de energia ao lado de l\u00edderes ligados a energias renov\u00e1veisl: o indiano Piyush Goyal, ministro das Ferrovias, o espanhol Ignacio Gal\u00e1n, presidente da Iberdrola, o franc\u00eas Jean-Pascal Tricoire, presidente da Schneider Electric e e Rachel Kyte, presidente do programa SEforAll (Sustainable Energy for All).<\/p>\n<p>&#8220;\u00c0s vezes \u00e9 dif\u00edcil para grandes corpora\u00e7\u00f5es mudar sua mentalidade. O que faremos \u00e9 criar fundos de venture capital [capital de risco] para contratar pequenas empresas, para acelerar e dar mais qualidade \u00e0s propostas para melhorar a efici\u00eancia&#8221;, disse o executivo.<\/p>\n<p>Parente tamb\u00e9m destacou uma prov\u00e1vel entrada da Petrobras no programa Oil and Gas Climate Initiative (associa\u00e7\u00e3o de petroleiras para propor iniciativas contra mudan\u00e7as clim\u00e1ticas).<\/p>\n<p>&#8220;Somos totalmente favor\u00e1veis a combust\u00edveis mais limpos, mas o \u00f3leo e p g\u00e1s continuar\u00e3o a\u00ed por muitos anos&#8221;, disse ele, destacando que \u00e9 preciso ter uma preocupa\u00e7\u00e3o, por exemplo, em rela\u00e7\u00e3o ao tipo de fonte de abastecer\u00e1 carros el\u00e9tricos.<\/p>\n<p>Para o presidente da estatal, o g\u00e1s natural ser\u00e1 o combust\u00edvel da transi\u00e7\u00e3o. &#8220;\u00c9 f\u00f3ssil, mas polui muito menos que petr\u00f3leo e diesel. \u00c9 um tema importante para minha companhia. A Petrobras hoje \u00e9 20% g\u00e1s e 80% \u00f3leo, precisamos equilibrar essa participa\u00e7\u00e3o.&#8221;<\/p>\n<p>O problema, segundo ele, \u00e9 que hoje a explora\u00e7\u00e3o do g\u00e1s natural est\u00e1 associada \u00e0 extra\u00e7\u00e3o do petr\u00f3leo, e uma expans\u00e3o dele no pa\u00eds implicaria em mais importa\u00e7\u00e3o. &#8220;Em 2016, decidimos nos concentrar no nosso core business [petr\u00f3leo], para sobreviver. Mas o g\u00e1s \u00e9 muito importante, e estamos melhorando tecnologias para ter um melhor uso&#8221;, disse.<\/p>\n<p>Parente ainda criticou a taxa\u00e7\u00e3o a equipamentos de energia renov\u00e1vel, anunciada nesta segunda (22) pelo presidente americano Donald Trump \u2013o assunto foi um dos temas levantados no painel.<\/p>\n<p>&#8220;O pico de consumo de \u00f3leo e g\u00e1s pode ser inclusive antes de 2030. Mas o carv\u00e3o ainda vai representar 30% do consumo de energia em 2030. Ent\u00e3o, quando o presidente dos EUA coloca impostos em renov\u00e1veis, est\u00e1 estimulando o carv\u00e3o de novo. \u00c9 uma preocupa\u00e7\u00e3o.&#8221;<\/p>\n<p>O presidente da Petrobras foi o \u00fanico representante do setor de petr\u00f3leo no debate, que destacou a redu\u00e7\u00e3o dos pre\u00e7os da gera\u00e7\u00e3o e\u00f3lica e solar e o aumento da gera\u00e7\u00e3o distribu\u00edda, em que consumidores injetam energia renov\u00e1vel no sistema \u2013fen\u00f4menos globais que j\u00e1 s\u00e3o realidade no Brasil.<\/p>\n<p>O executivo ainda ressaltou pol\u00edticas no pa\u00eds como o incentivo ao etanol, os carros flex e o aumento de fontes limpas na matriz, como a e\u00f3lica e, mais recentemente, a solar.\u00a0<\/p>\n<p>Fonte: Folha SP<\/p>\n","protected":false},"excerpt":{"rendered":"<p>A Petrobras quer acelerar seus investimentos em inova\u00e7\u00e3o para reduzir seu impacto ambiental, mas a ind\u00fastria de \u00f3leo e g\u00e1s &#8220;continuar\u00e1 a\u00ed por muitos anos&#8221;,&#8230;<\/p>\n","protected":false},"author":1182,"featured_media":18517,"comment_status":"closed","ping_status":"closed","sticky":false,"template":"","format":"standard","meta":{"footnotes":""},"categories":[6],"tags":[],"class_list":["post-25924","post","type-post","status-publish","format-standard","has-post-thumbnail","hentry","category-noticias"],"_links":{"self":[{"href":"https:\/\/www.sincomam.org.br\/index.php\/wp-json\/wp\/v2\/posts\/25924","targetHints":{"allow":["GET"]}}],"collection":[{"href":"https:\/\/www.sincomam.org.br\/index.php\/wp-json\/wp\/v2\/posts"}],"about":[{"href":"https:\/\/www.sincomam.org.br\/index.php\/wp-json\/wp\/v2\/types\/post"}],"author":[{"embeddable":true,"href":"https:\/\/www.sincomam.org.br\/index.php\/wp-json\/wp\/v2\/users\/1182"}],"replies":[{"embeddable":true,"href":"https:\/\/www.sincomam.org.br\/index.php\/wp-json\/wp\/v2\/comments?post=25924"}],"version-history":[{"count":1,"href":"https:\/\/www.sincomam.org.br\/index.php\/wp-json\/wp\/v2\/posts\/25924\/revisions"}],"predecessor-version":[{"id":25925,"href":"https:\/\/www.sincomam.org.br\/index.php\/wp-json\/wp\/v2\/posts\/25924\/revisions\/25925"}],"wp:featuredmedia":[{"embeddable":true,"href":"https:\/\/www.sincomam.org.br\/index.php\/wp-json\/wp\/v2\/media\/18517"}],"wp:attachment":[{"href":"https:\/\/www.sincomam.org.br\/index.php\/wp-json\/wp\/v2\/media?parent=25924"}],"wp:term":[{"taxonomy":"category","embeddable":true,"href":"https:\/\/www.sincomam.org.br\/index.php\/wp-json\/wp\/v2\/categories?post=25924"},{"taxonomy":"post_tag","embeddable":true,"href":"https:\/\/www.sincomam.org.br\/index.php\/wp-json\/wp\/v2\/tags?post=25924"}],"curies":[{"name":"wp","href":"https:\/\/api.w.org\/{rel}","templated":true}]}}