{"id":25920,"date":"2018-01-24T16:13:57","date_gmt":"2018-01-24T18:13:57","guid":{"rendered":"http:\/\/sincomam.org.br\/?p=25920"},"modified":"2018-01-24T16:13:57","modified_gmt":"2018-01-24T18:13:57","slug":"firjan-inicia-a-construcao-do-novo-panorama-naval-do-estado-do-rio-de-janeiro","status":"publish","type":"post","link":"https:\/\/www.sincomam.org.br\/index.php\/firjan-inicia-a-construcao-do-novo-panorama-naval-do-estado-do-rio-de-janeiro\/","title":{"rendered":"Firjan inicia a constru\u00e7\u00e3o do novo Panorama Naval do estado do Rio de Janeiro"},"content":{"rendered":"<p>A ger\u00eancia de Petr\u00f3leo, G\u00e1s e Naval (GPN) do Sistema Firjan iniciou a elabora\u00e7\u00e3o da constru\u00e7\u00e3o do Mapa Estrat\u00e9gico Naval 2018. O documento servir\u00e1 de guia para todos os agentes do mercado e para atua\u00e7\u00e3o das empresas fluminenses. O pontap\u00e9 inicial ocorreu durante o Workshop Panorama Naval realizado nesta ter\u00e7a-feira (23\/1) na Regional Leste da Federa\u00e7\u00e3o, em Niter\u00f3i, com a participa\u00e7\u00e3o das principais entidades, empresas e formadores de opini\u00e3o ligados \u00e0 ind\u00fastria naval.<\/p>\n<p>De acordo com a gerente de Petr\u00f3leo, G\u00e1s e Naval da Firjan, Karine Fragoso, o novo mapa \u00e9 uma atualiza\u00e7\u00e3o da publica\u00e7\u00e3o divulgada em 2016, agora refletindo os objetivos, temas priorit\u00e1rios e desafios do segmento diante de uma realidade com dificuldades vivida pelos \u00faltimos anos no setor. Segundo ela, ser\u00e1 constitu\u00eddo um grupo de trabalho com integrantes de todos os segmentos da cadeia produtiva, que ter\u00e1 a miss\u00e3o de consolidar os dados, as oportunidades e necessidades futuras para a retomada dessa importante ind\u00fastria para o estado do Rio e para o pa\u00eds.<\/p>\n<p>O encontro foi aberto pelo presidente da Regional Leste da Federa\u00e7\u00e3o, Luiz C\u00e9sio Caetano, que destacou a import\u00e2ncia do documento para o desenvolvimento do mercado tanto para o polo naval de Niter\u00f3i quanto de todo o estado. \u201cA Firjan vem defendendo os principais pleitos dos empres\u00e1rios fluminenses e criando contribuindo para melhorar o ambiente de neg\u00f3cios do nosso estado\u201d, afirmou.<\/p>\n<p>Sob a orienta\u00e7\u00e3o dos t\u00e9cnicos de GPN da Federa\u00e7\u00e3o, a primeira discuss\u00e3o para a formula\u00e7\u00e3o do mapa estrat\u00e9gico naval contou com a participa\u00e7\u00e3o de representantes de diversas entidades, de estaleiros e empresas do encadeamento produtivo da ind\u00fastria naval como os estaleiros Mau\u00e1, Eisa, Mac Laren, Brasa, entre outros. Tamb\u00e9m estiveram presentes representantes da Transpetro e Emgepron, entre outras.<\/p>\n<p>O secret\u00e1rio-executivo do Sinaval, S\u00e9rgio Leal, apresentou dados mostrando a crise profunda do mercado a partir de 2015, ap\u00f3s uma retomada em meados da d\u00e9cada passada. Segundo ele, em dezembro de 2014 haviam 82 mil postos de trabalho em todo o pa\u00eds, reduzidos hoje para menos de 35 mil. Leal ressaltou ainda que a crise se generalizou principalmente por dois fatores: crise da Petrobras e a n\u00e3o efetiva\u00e7\u00e3o da Sete Brasil.<\/p>\n<p>Para Leal, o mercado de petr\u00f3leo e g\u00e1s \u00e9 o mais qualificado para reagir a uma mudan\u00e7a de rumo e atrair novos investimentos. Ele disse, no entanto, que \u00e9 inadi\u00e1vel a ado\u00e7\u00e3o de medidas, principalmente por parte do governo, para reverter os atuais entraves que paralisam a ind\u00fastria, e a\u00e7\u00f5es para o desenvolvimento da cabotagem no pa\u00eds.<\/p>\n<p>Presidente da Asscenon, El\u00edzio Moreira da Fonseca confirmou que Niter\u00f3i possui uma cadeia produtiva invej\u00e1vel, mas que \u00e9 necess\u00e1rio haver uma a\u00e7\u00e3o em defesa desta ind\u00fastria para que ela volte a ter a pujan\u00e7a de outrora. J\u00e1 o secret\u00e1rio de Desenvolvimento Econ\u00f4mico, Ind\u00fastria Naval e Petr\u00f3leo e G\u00e1s de Niter\u00f3i, Luiz Paulino, destacou que o munic\u00edpio vem adotando medidas para manter as empresas na cidade, assim como reativar a ind\u00fastria naval na regi\u00e3o. Ele acrescentou que o processo de produ\u00e7\u00e3o do EIA-Rima, licen\u00e7a que permitir\u00e1 a dragagem do canal S\u00e3o Louren\u00e7o j\u00e1 est\u00e1 em andamento e que espera que ele fique pronto at\u00e9 meados do ano.<\/p>\n<p>O encontro contou ainda com a palestra do capit\u00e3o de Mar e Guerra da Escola de Guerra Naval da Marinha do Brasil, Luciano Ponce, sobre a necessidade de a\u00e7\u00f5es de seguran\u00e7a e defesa do pr\u00e9-sal brasileiro.<\/p>\n<div class=\"jwDisqusForm\"><\/div>\n","protected":false},"excerpt":{"rendered":"<p>A ger\u00eancia de Petr\u00f3leo, G\u00e1s e Naval (GPN) do Sistema Firjan iniciou a elabora\u00e7\u00e3o da constru\u00e7\u00e3o do Mapa Estrat\u00e9gico Naval 2018. O documento servir\u00e1 de&#8230;<\/p>\n","protected":false},"author":1182,"featured_media":19001,"comment_status":"closed","ping_status":"closed","sticky":false,"template":"","format":"standard","meta":{"footnotes":""},"categories":[6],"tags":[],"class_list":["post-25920","post","type-post","status-publish","format-standard","has-post-thumbnail","hentry","category-noticias"],"_links":{"self":[{"href":"https:\/\/www.sincomam.org.br\/index.php\/wp-json\/wp\/v2\/posts\/25920","targetHints":{"allow":["GET"]}}],"collection":[{"href":"https:\/\/www.sincomam.org.br\/index.php\/wp-json\/wp\/v2\/posts"}],"about":[{"href":"https:\/\/www.sincomam.org.br\/index.php\/wp-json\/wp\/v2\/types\/post"}],"author":[{"embeddable":true,"href":"https:\/\/www.sincomam.org.br\/index.php\/wp-json\/wp\/v2\/users\/1182"}],"replies":[{"embeddable":true,"href":"https:\/\/www.sincomam.org.br\/index.php\/wp-json\/wp\/v2\/comments?post=25920"}],"version-history":[{"count":1,"href":"https:\/\/www.sincomam.org.br\/index.php\/wp-json\/wp\/v2\/posts\/25920\/revisions"}],"predecessor-version":[{"id":25921,"href":"https:\/\/www.sincomam.org.br\/index.php\/wp-json\/wp\/v2\/posts\/25920\/revisions\/25921"}],"wp:featuredmedia":[{"embeddable":true,"href":"https:\/\/www.sincomam.org.br\/index.php\/wp-json\/wp\/v2\/media\/19001"}],"wp:attachment":[{"href":"https:\/\/www.sincomam.org.br\/index.php\/wp-json\/wp\/v2\/media?parent=25920"}],"wp:term":[{"taxonomy":"category","embeddable":true,"href":"https:\/\/www.sincomam.org.br\/index.php\/wp-json\/wp\/v2\/categories?post=25920"},{"taxonomy":"post_tag","embeddable":true,"href":"https:\/\/www.sincomam.org.br\/index.php\/wp-json\/wp\/v2\/tags?post=25920"}],"curies":[{"name":"wp","href":"https:\/\/api.w.org\/{rel}","templated":true}]}}