{"id":25918,"date":"2018-01-23T00:00:28","date_gmt":"2018-01-23T02:00:28","guid":{"rendered":"http:\/\/sincomam.org.br\/?p=25918"},"modified":"2018-01-22T17:01:17","modified_gmt":"2018-01-22T19:01:17","slug":"contrato-para-dragagem-no-mucuripe-e-publicado","status":"publish","type":"post","link":"https:\/\/www.sincomam.org.br\/index.php\/contrato-para-dragagem-no-mucuripe-e-publicado\/","title":{"rendered":"Contrato para dragagem no Mucuripe \u00e9 publicado"},"content":{"rendered":"<p>O Minist\u00e9rio dos Transportes, Portos e Avia\u00e7\u00e3o Civil publicou na edi\u00e7\u00e3o desta sexta-feira (19) do Di\u00e1rio Oficial da Uni\u00e3o (DOU) o extrato do contrato com a empresa Jan de Nul Brasil para execu\u00e7\u00e3o dos servi\u00e7os de engenharia de dragagem no Porto de Mucuripe, em Fortaleza. De acordo com a publica\u00e7\u00e3o, o documento foi assinado no dia 27 de dezembro do ano passado pelo ministro dos Transportes, Portos e Avia\u00e7\u00e3o, Maur\u00edcio Quintella, e pelo representante da empresa respons\u00e1vel pelas obras, Bart Paul Maarten Leijnen.<\/p>\n<p>A Jan de Nul foi anunciada como vencedora do edital em dezembro e ir\u00e1 realizar as execu\u00e7\u00f5es de dragagem do terminal cearense por R$ 21,5 milh\u00f5es.<\/p>\n<p>Ap\u00f3s a conclus\u00e3o dos trabalhos, que devem come\u00e7ar at\u00e9 o m\u00eas de mar\u00e7o e serem finalizados em seis meses, embarca\u00e7\u00f5es maiores poder\u00e3o aportar na Capital cearense.<\/p>\n<p>A obra de dragagem do Porto era esperada desde a Copa do Mundo de 2014. Como o equipamento possui um calado (fundura m\u00e1xima atingida por navios quando cheios) com profundidade insuficiente para que as embarca\u00e7\u00f5es atraquem, os turistas que chegam em Fortaleza tem que desembarcar em ve\u00edculos menores para serem direcionados ao terminal. Com a dragagem, isso deve acabar.<\/p>\n<p><strong>Turistas<\/strong><\/p>\n<p>Em torno de 1.207 turistas desembarcam neste fim de semana de navios cruzeiros no Terminal Mar\u00edtimo de Passageiros do Porto do Mucuripe.<\/p>\n<p>O navio Insignia partiu de Bridgetown (capital de Barbados) no dia 13 de janeiro e desembarca neste s\u00e1bado (20) por volta de 13h. J\u00e1 o navio Albatros, que partiu de G\u00eanova (It\u00e1lia) no dia 20 de dezembro de 2017, desembarca no domingo (21), \u00e0s 8h.<\/p>\n<p>Fonte: Di\u00e1rio do Nordeste<\/p>\n","protected":false},"excerpt":{"rendered":"<p>O Minist\u00e9rio dos Transportes, Portos e Avia\u00e7\u00e3o Civil publicou na edi\u00e7\u00e3o desta sexta-feira (19) do Di\u00e1rio Oficial da Uni\u00e3o (DOU) o extrato do contrato com&#8230;<\/p>\n","protected":false},"author":1182,"featured_media":5424,"comment_status":"closed","ping_status":"closed","sticky":false,"template":"","format":"standard","meta":{"footnotes":""},"categories":[6],"tags":[],"class_list":["post-25918","post","type-post","status-publish","format-standard","has-post-thumbnail","hentry","category-noticias"],"_links":{"self":[{"href":"https:\/\/www.sincomam.org.br\/index.php\/wp-json\/wp\/v2\/posts\/25918","targetHints":{"allow":["GET"]}}],"collection":[{"href":"https:\/\/www.sincomam.org.br\/index.php\/wp-json\/wp\/v2\/posts"}],"about":[{"href":"https:\/\/www.sincomam.org.br\/index.php\/wp-json\/wp\/v2\/types\/post"}],"author":[{"embeddable":true,"href":"https:\/\/www.sincomam.org.br\/index.php\/wp-json\/wp\/v2\/users\/1182"}],"replies":[{"embeddable":true,"href":"https:\/\/www.sincomam.org.br\/index.php\/wp-json\/wp\/v2\/comments?post=25918"}],"version-history":[{"count":1,"href":"https:\/\/www.sincomam.org.br\/index.php\/wp-json\/wp\/v2\/posts\/25918\/revisions"}],"predecessor-version":[{"id":25919,"href":"https:\/\/www.sincomam.org.br\/index.php\/wp-json\/wp\/v2\/posts\/25918\/revisions\/25919"}],"wp:featuredmedia":[{"embeddable":true,"href":"https:\/\/www.sincomam.org.br\/index.php\/wp-json\/wp\/v2\/media\/5424"}],"wp:attachment":[{"href":"https:\/\/www.sincomam.org.br\/index.php\/wp-json\/wp\/v2\/media?parent=25918"}],"wp:term":[{"taxonomy":"category","embeddable":true,"href":"https:\/\/www.sincomam.org.br\/index.php\/wp-json\/wp\/v2\/categories?post=25918"},{"taxonomy":"post_tag","embeddable":true,"href":"https:\/\/www.sincomam.org.br\/index.php\/wp-json\/wp\/v2\/tags?post=25918"}],"curies":[{"name":"wp","href":"https:\/\/api.w.org\/{rel}","templated":true}]}}