{"id":25901,"date":"2018-01-22T00:39:34","date_gmt":"2018-01-22T02:39:34","guid":{"rendered":"http:\/\/sincomam.org.br\/?p=25901"},"modified":"2018-01-19T11:42:23","modified_gmt":"2018-01-19T13:42:23","slug":"governo-recorre-ao-stj-para-garantir-posse-de-cristiane-brasil","status":"publish","type":"post","link":"https:\/\/www.sincomam.org.br\/index.php\/governo-recorre-ao-stj-para-garantir-posse-de-cristiane-brasil\/","title":{"rendered":"Governo recorre ao STJ para garantir posse de Cristiane Brasil"},"content":{"rendered":"<p>O Pal\u00e1cio do Planalto entrou com recurso junto ao Superior Tribunal de Justi\u00e7a (STJ) para tentar mais uma vez garantir a posse da deputada Cristiane Brasil (PTB-RJ) no comando do<span>\u00a0Minist\u00e9rio da P\u00fablica\u00a0<\/span>na, o terceiro recurso, impetrado no Tribunal Regional da 2\u00aa Regi\u00e3o, no Rio de Janeiro, foi derrubado.<\/p>\n<p>Cristiane teve a posse suspensa ap\u00f3s a revela\u00e7\u00e3o de que havia sido condenada pela Justi\u00e7a do Trabalho a pagar indeniza\u00e7\u00f5es a dois ex-motoristas a quem nunca tinha assinado as carteiras de trabalho.<\/p>\n<p>Apesar das dificuldades para conseguir manter a nomea\u00e7\u00e3o da deputada, o governo decidiu insistir at\u00e9 esgotar todos os recursos jur\u00eddicos.<\/p>\n<p>A avalia\u00e7\u00e3o no Planalto \u00e9 que a quest\u00e3o j\u00e1 ultrapassou a situa\u00e7\u00e3o partid\u00e1ria da necessidade de agradar ao PTB e passou a ser um problema institucional, sobre a prerrogativa do presidente de decidir sobre a nomea\u00e7\u00e3o de ministros. Por lei, a condena\u00e7\u00e3o de Cristiane n\u00e3o seria impeditivo para o cargo.<\/p>\n<p>Em outro caso semelhante, em que a Justi\u00e7a impediu a posse do ministro da Secretaria-Geral da Presid\u00eancia, Moreira Franco, o governo apelou diretamente ao Supremo Tribunal Federal e obteve uma liminar, do ministro Celso de Mello, para garantir a posse. Dessa vez, no entanto, o Planalto preferiu seguir as inst\u00e2ncias do Judici\u00e1rio.<\/p>\n<p>Segundo uma fonte palaciana, o governo recebeu indica\u00e7\u00f5es de que a presidente do STF, ministra C\u00e1rmen L\u00facia \u2013que est\u00e1 no plant\u00e3o da Corte durante o recesso\u2013 poderia tamb\u00e9m negar a liminar.<\/p>\n<p>Fonte: Exame<\/p>\n","protected":false},"excerpt":{"rendered":"<p>O Pal\u00e1cio do Planalto entrou com recurso junto ao Superior Tribunal de Justi\u00e7a (STJ) para tentar mais uma vez garantir a posse da deputada Cristiane&#8230;<\/p>\n","protected":false},"author":1182,"featured_media":18019,"comment_status":"closed","ping_status":"closed","sticky":false,"template":"","format":"standard","meta":{"footnotes":""},"categories":[6],"tags":[],"class_list":["post-25901","post","type-post","status-publish","format-standard","has-post-thumbnail","hentry","category-noticias"],"_links":{"self":[{"href":"https:\/\/www.sincomam.org.br\/index.php\/wp-json\/wp\/v2\/posts\/25901","targetHints":{"allow":["GET"]}}],"collection":[{"href":"https:\/\/www.sincomam.org.br\/index.php\/wp-json\/wp\/v2\/posts"}],"about":[{"href":"https:\/\/www.sincomam.org.br\/index.php\/wp-json\/wp\/v2\/types\/post"}],"author":[{"embeddable":true,"href":"https:\/\/www.sincomam.org.br\/index.php\/wp-json\/wp\/v2\/users\/1182"}],"replies":[{"embeddable":true,"href":"https:\/\/www.sincomam.org.br\/index.php\/wp-json\/wp\/v2\/comments?post=25901"}],"version-history":[{"count":1,"href":"https:\/\/www.sincomam.org.br\/index.php\/wp-json\/wp\/v2\/posts\/25901\/revisions"}],"predecessor-version":[{"id":25902,"href":"https:\/\/www.sincomam.org.br\/index.php\/wp-json\/wp\/v2\/posts\/25901\/revisions\/25902"}],"wp:featuredmedia":[{"embeddable":true,"href":"https:\/\/www.sincomam.org.br\/index.php\/wp-json\/wp\/v2\/media\/18019"}],"wp:attachment":[{"href":"https:\/\/www.sincomam.org.br\/index.php\/wp-json\/wp\/v2\/media?parent=25901"}],"wp:term":[{"taxonomy":"category","embeddable":true,"href":"https:\/\/www.sincomam.org.br\/index.php\/wp-json\/wp\/v2\/categories?post=25901"},{"taxonomy":"post_tag","embeddable":true,"href":"https:\/\/www.sincomam.org.br\/index.php\/wp-json\/wp\/v2\/tags?post=25901"}],"curies":[{"name":"wp","href":"https:\/\/api.w.org\/{rel}","templated":true}]}}