{"id":25897,"date":"2018-01-22T00:28:00","date_gmt":"2018-01-22T02:28:00","guid":{"rendered":"http:\/\/sincomam.org.br\/?p=25897"},"modified":"2018-01-19T11:35:06","modified_gmt":"2018-01-19T13:35:06","slug":"por-vacina-de-febre-amarela-pessoas-se-expoem-em-area-de-risco","status":"publish","type":"post","link":"https:\/\/www.sincomam.org.br\/index.php\/por-vacina-de-febre-amarela-pessoas-se-expoem-em-area-de-risco\/","title":{"rendered":"Por vacina de febre amarela, pessoas se exp\u00f5em em \u00e1rea de risco"},"content":{"rendered":"<p>A busca pela vacina da febre amarela<span>\u00a0<\/span>est\u00e1 fazendo muitas pessoas cruzarem a capital paulista e se deslocarem por at\u00e9 30 quil\u00f4metros, justamente para \u00e1reas de risco de contamina\u00e7\u00e3o pelo v\u00edrus, como a zona norte da capital paulista.<\/p>\n<p>A procura inclui at\u00e9 moradores de outras cidades, como Guarulhos. Nesta quinta-feira, 18, voltou a faltar doses em postos de sa\u00fade.<\/p>\n<p>O secret\u00e1rio municipal da Sa\u00fade de S\u00e3o Paulo, Wilson Pollara, classificou a situa\u00e7\u00e3o como \u201cum risco absurdo\u201d.<\/p>\n<p>\u201cDentro do Munic\u00edpio, pessoas est\u00e3o saindo de \u00e1reas totalmente seguras, como centro e oeste, e indo tomar vacina na zona norte, se expondo \u00e0 possibilidade da doen\u00e7a. As pessoas n\u00e3o devem ir para regi\u00e3o de risco somente para buscar a vacina. Elas devem aguardar a vacina chegar a cada uma das regi\u00f5es\u201d, declarou. A zona norte foi a primeira da cidade a receber campanha emergencial de vacina\u00e7\u00e3o, em outubro. A regi\u00e3o tem o maior n\u00famero de postos de sa\u00fade vacinando \u2013 cerca de 90.<\/p>\n<p>O advogado Rafael Mendes Mandim, de 35 anos, saiu do Ipiranga, na zona sul, e foi para a Unidade B\u00e1sica de Sa\u00fade (UBS) Dona Mariquinha Sci\u00e1scia, no Trememb\u00e9, zona norte.<\/p>\n<p>\u201cQuero tomar por cautela e porque vou para um casamento na Serra da Cantareira. Fui ontem (quarta-feira, 17) na zona sul, mas tinha muita fila.\u201d<\/p>\n<p>Por volta das 14 horas, ele e as demais pessoas que chegaram ao local de manh\u00e3 ainda n\u00e3o haviam sido vacinadas e as doses acabaram.<\/p>\n<p>O aut\u00f4nomo Jean Fontainha Hildebrand, de 26 anos, e a vendedora Let\u00edcia Helena Barbosa da Silva, de 22 anos, sa\u00edram de Itaquera, na zona leste, e s\u00f3 conseguiram avan\u00e7ar na fila porque as pessoas desistiram de esperar.<\/p>\n<p>\u201cQuero tomar porque vou fazer um curso de comiss\u00e1rio de bordo e irei para \u00e1rea de mata\u201d, explicou a vendedora. Medo. Moradora de S\u00e3o Miguel Paulista, na zona leste, a 30 quil\u00f4metros do Trememb\u00e9, a aposentada Rita Marisa Silva, de 61 anos, estava com medo de frequentar a zona norte sem ter tomado a vacina, tendo em vista a proximidade do posto com o Horto Florestal.<\/p>\n<p>\u201cEstou aqui correndo risco, mas j\u00e1 tive dengue e tenho medo de ter outra doen\u00e7a causada por mosquito.\u201d Ela chegou a pensar em passar a noite na fila, mas desistiu e foi embora \u00e0s 15 horas.<\/p>\n<p>Outros j\u00e1 foram preparados para a longa espera e levaram guarda-chuva, cadeiras, repelente, \u00e1gua e at\u00e9 palavras cruzadas para passar o tempo, caso da estilista Bruna Kato, de 24 anos, e do representante comercial Jo\u00e3o Victor Costa, de 25.<\/p>\n<p>Costa descobriu na fila que j\u00e1 era imunizado e ficou para acompanhar a namorada. \u201cAchei que iria conseguir tomar a vacina e voltar ao trabalho, mas n\u00e3o consegui\u201d, disse ela.<\/p>\n<p>Moradores de Guarulhos, na Grande S\u00e3o Paulo, tamb\u00e9m foram para a zona norte em busca da imuniza\u00e7\u00e3o.<\/p>\n<p>A auxiliar administrativa D\u00e9bora Andrade, de 32 anos, saiu do munic\u00edpio com o filho Enzo, de 1 m\u00eas, e Guilherme, de 8 anos, para quem queria a vacina.<\/p>\n<p>\u201cAs filas est\u00e3o quilom\u00e9tricas em Guarulhos. N\u00e3o tomei, porque n\u00e3o posso, mas estou preocupada com meu filho mais velho. \u00c9 uma vida que depende de mim. Eu passei repelente e vim.\u201d<\/p>\n<p>Por tr\u00eas dias, a estudante Bruna Diniz, de 21 anos, percorreu com a m\u00e3e, a auxiliar administrativa M\u00e1rcia Goretti Lopes Diniz, de 55, e a irm\u00e3, a tamb\u00e9m estudante Ana Karen Diniz, de 14, cinco postos de vacina\u00e7\u00e3o em Guarulhos.<\/p>\n<p>Por causa das filas, resolveram tentar na capital, onde tamb\u00e9m n\u00e3o tinham conseguido doses at\u00e9 a tarde desta quinta. \u201cSe n\u00e3o conseguir hoje (quinta), vou continuar tentando.\u201d <\/p>\n<p>As informa\u00e7\u00f5es s\u00e3o do jornal O Estado de S. Paulo.<\/p>\n","protected":false},"excerpt":{"rendered":"<p>A busca pela vacina da febre amarela\u00a0est\u00e1 fazendo muitas pessoas cruzarem a capital paulista e se deslocarem por at\u00e9 30 quil\u00f4metros, justamente para \u00e1reas de&#8230;<\/p>\n","protected":false},"author":1182,"featured_media":5020,"comment_status":"closed","ping_status":"closed","sticky":false,"template":"","format":"standard","meta":{"footnotes":""},"categories":[6],"tags":[],"class_list":["post-25897","post","type-post","status-publish","format-standard","has-post-thumbnail","hentry","category-noticias"],"_links":{"self":[{"href":"https:\/\/www.sincomam.org.br\/index.php\/wp-json\/wp\/v2\/posts\/25897","targetHints":{"allow":["GET"]}}],"collection":[{"href":"https:\/\/www.sincomam.org.br\/index.php\/wp-json\/wp\/v2\/posts"}],"about":[{"href":"https:\/\/www.sincomam.org.br\/index.php\/wp-json\/wp\/v2\/types\/post"}],"author":[{"embeddable":true,"href":"https:\/\/www.sincomam.org.br\/index.php\/wp-json\/wp\/v2\/users\/1182"}],"replies":[{"embeddable":true,"href":"https:\/\/www.sincomam.org.br\/index.php\/wp-json\/wp\/v2\/comments?post=25897"}],"version-history":[{"count":1,"href":"https:\/\/www.sincomam.org.br\/index.php\/wp-json\/wp\/v2\/posts\/25897\/revisions"}],"predecessor-version":[{"id":25898,"href":"https:\/\/www.sincomam.org.br\/index.php\/wp-json\/wp\/v2\/posts\/25897\/revisions\/25898"}],"wp:featuredmedia":[{"embeddable":true,"href":"https:\/\/www.sincomam.org.br\/index.php\/wp-json\/wp\/v2\/media\/5020"}],"wp:attachment":[{"href":"https:\/\/www.sincomam.org.br\/index.php\/wp-json\/wp\/v2\/media?parent=25897"}],"wp:term":[{"taxonomy":"category","embeddable":true,"href":"https:\/\/www.sincomam.org.br\/index.php\/wp-json\/wp\/v2\/categories?post=25897"},{"taxonomy":"post_tag","embeddable":true,"href":"https:\/\/www.sincomam.org.br\/index.php\/wp-json\/wp\/v2\/tags?post=25897"}],"curies":[{"name":"wp","href":"https:\/\/api.w.org\/{rel}","templated":true}]}}