{"id":25891,"date":"2018-01-19T00:24:02","date_gmt":"2018-01-19T02:24:02","guid":{"rendered":"http:\/\/sincomam.org.br\/?p=25891"},"modified":"2018-01-18T18:26:49","modified_gmt":"2018-01-18T20:26:49","slug":"europeus-apostam-que-queda-de-cinco-anos-do-trigo-vai-acabar","status":"publish","type":"post","link":"https:\/\/www.sincomam.org.br\/index.php\/europeus-apostam-que-queda-de-cinco-anos-do-trigo-vai-acabar\/","title":{"rendered":"Europeus apostam que queda de cinco anos do trigo vai acabar"},"content":{"rendered":"<p>Ap\u00f3s cinco anos consecutivos de queda nos pre\u00e7os do trigo europeu, h\u00e1 sinais de que os produtores esperam que esta temporada seja diferente.<\/p>\n<p>As proje\u00e7\u00f5es para os estoques est\u00e3o crescendo, porque os agricultores preferem conservar o gr\u00e3o em vez de vend\u00ea-lo pelos pre\u00e7os mais baixos em mais de um ano e meio. Uma grande quantidade de trigo russo barato arrebatou a participa\u00e7\u00e3o de mercado das exporta\u00e7\u00f5es europeias.<\/p>\n<p>Os estoques devem chegar a cerca de 16 milh\u00f5es de toneladas, o n\u00edvel mais alto em nove anos, de acordo com Benjamin Bodart, diretor da consultoria CRM AgriCommodities. Trata-se de uma mudan\u00e7a acentuada em rela\u00e7\u00e3o \u00e0 sua previs\u00e3o no in\u00edcio da temporada, em julho, e tamb\u00e9m em compara\u00e7\u00e3o com o ano passado, quando os estoques ca\u00edram ao n\u00edvel mais baixo desde 2012.<\/p>\n<p>\u201cO aumento dos estoques mostra que alguns agricultores decidiram n\u00e3o vender\u201d, disse Gabriel Omn\u00e8s, analista da Strat\u00e9gie Grains. \u201c\u00c9 uma aposta. Se eles ganharem, vender\u00e3o a pre\u00e7os melhores. Se eles perderem, ser\u00e3o obrigados a vender a pre\u00e7os mais baixos.\u201d<\/p>\n<p>Os agricultores da Uni\u00e3o Europeia foram afetados por uma onda de exporta\u00e7\u00f5es russas baratas para os mercados internacionais, e as remessas exportadas pela UE ca\u00edram um quinto em compara\u00e7\u00e3o com o ano passado. Al\u00e9m disso, a valoriza\u00e7\u00e3o do euro, que atingiu um pico de tr\u00eas anos frente ao d\u00f3lar, tornou seus gr\u00e3os mais caros para os compradores com a moeda dos EUA.<\/p>\n<p>\u201cQuando n\u00e3o h\u00e1 nenhuma recupera\u00e7\u00e3o no mercado, as pessoas se perguntam: \u2018Se n\u00e3o vendi h\u00e1 dois meses, por que eu deveria vender agora? N\u00e3o faz sentido\u2019\u201d, disse Fran\u00e7ois Thaury, consultor da Agritel. \u201cOs produtores ter\u00e3o que vender em algum momento, e a situa\u00e7\u00e3o poderia se normalizar, mas \u00e9 dif\u00edcil no momento.\u201d<\/p>\n<p>A press\u00e3o exercida pela colheita russa ainda n\u00e3o acabou. As temperaturas m\u00e9dias mais quentes em uma d\u00e9cada permitiram que o maior exportador de trigo do mundo continuasse exportando muito em uma \u00e9poca do ano em que as condi\u00e7\u00f5es invernais e as tempestades costumavam limitar o transporte para os portos.<\/p>\n<p>\u201cTenho dificuldade para ver como as exporta\u00e7\u00f5es da UE se recuperariam nesta temporada\u201d, disse Charles Clack, analista do Rabobank International em Londres. O Rabobank projeta que os estoques de trigo europeus atingir\u00e3o 14,1 milh\u00f5es de toneladas nesta temporada.<\/p>\n<p>Mesmo com pre\u00e7os mais baixos, apenas uma carga de 60.000 toneladas de trigo franc\u00eas foi vendida para o Egito, maior comprador do mundo, em licita\u00e7\u00f5es do governo nesta temporada. Em contraste, o gr\u00e3o russo representou 80 por cento das vendas.<\/p>\n<p>O Departamento de Agricultura dos EUA elevou as proje\u00e7\u00f5es das exporta\u00e7\u00f5es russas em um relat\u00f3rio publicado na sexta-feira, ao mesmo tempo em que reduziu as estimativas para as remessas da UE e aumentou a perspectiva de estoque em cerca de 5 por cento. As vendas da Argentina provavelmente v\u00e3o intensificar a concorr\u00eancia nos pr\u00f3ximos meses, de acordo com Bodart, da CRM.<\/p>\n<p>\u201cQuando n\u00e3o \u00e9 a R\u00fassia, \u00e9 a Argentina\u201d, disse ele. \u201cAs previs\u00f5es de exporta\u00e7\u00e3o da UE continuam altas demais e se traduzir\u00e3o em uma acumula\u00e7\u00e3o de mais estoque. Com tanta produ\u00e7\u00e3o j\u00e1 existente, \u00e9 dif\u00edcil pintar um retrato otimista.\u201d<\/p>\n<p>Fonte: Bloomberg News<\/p>\n","protected":false},"excerpt":{"rendered":"<p>Ap\u00f3s cinco anos consecutivos de queda nos pre\u00e7os do trigo europeu, h\u00e1 sinais de que os produtores esperam que esta temporada seja diferente. As proje\u00e7\u00f5es&#8230;<\/p>\n","protected":false},"author":1182,"featured_media":18822,"comment_status":"closed","ping_status":"closed","sticky":false,"template":"","format":"standard","meta":{"footnotes":""},"categories":[6],"tags":[],"class_list":["post-25891","post","type-post","status-publish","format-standard","has-post-thumbnail","hentry","category-noticias"],"_links":{"self":[{"href":"https:\/\/www.sincomam.org.br\/index.php\/wp-json\/wp\/v2\/posts\/25891","targetHints":{"allow":["GET"]}}],"collection":[{"href":"https:\/\/www.sincomam.org.br\/index.php\/wp-json\/wp\/v2\/posts"}],"about":[{"href":"https:\/\/www.sincomam.org.br\/index.php\/wp-json\/wp\/v2\/types\/post"}],"author":[{"embeddable":true,"href":"https:\/\/www.sincomam.org.br\/index.php\/wp-json\/wp\/v2\/users\/1182"}],"replies":[{"embeddable":true,"href":"https:\/\/www.sincomam.org.br\/index.php\/wp-json\/wp\/v2\/comments?post=25891"}],"version-history":[{"count":1,"href":"https:\/\/www.sincomam.org.br\/index.php\/wp-json\/wp\/v2\/posts\/25891\/revisions"}],"predecessor-version":[{"id":25892,"href":"https:\/\/www.sincomam.org.br\/index.php\/wp-json\/wp\/v2\/posts\/25891\/revisions\/25892"}],"wp:featuredmedia":[{"embeddable":true,"href":"https:\/\/www.sincomam.org.br\/index.php\/wp-json\/wp\/v2\/media\/18822"}],"wp:attachment":[{"href":"https:\/\/www.sincomam.org.br\/index.php\/wp-json\/wp\/v2\/media?parent=25891"}],"wp:term":[{"taxonomy":"category","embeddable":true,"href":"https:\/\/www.sincomam.org.br\/index.php\/wp-json\/wp\/v2\/categories?post=25891"},{"taxonomy":"post_tag","embeddable":true,"href":"https:\/\/www.sincomam.org.br\/index.php\/wp-json\/wp\/v2\/tags?post=25891"}],"curies":[{"name":"wp","href":"https:\/\/api.w.org\/{rel}","templated":true}]}}