{"id":25887,"date":"2018-01-19T00:21:12","date_gmt":"2018-01-19T02:21:12","guid":{"rendered":"http:\/\/sincomam.org.br\/?p=25887"},"modified":"2018-01-18T18:23:07","modified_gmt":"2018-01-18T20:23:07","slug":"siderurgicas-negam-ser-contrarias-a-importacao-de-aco-e-criticam-fazenda","status":"publish","type":"post","link":"https:\/\/www.sincomam.org.br\/index.php\/siderurgicas-negam-ser-contrarias-a-importacao-de-aco-e-criticam-fazenda\/","title":{"rendered":"Sider\u00fargicas negam ser contr\u00e1rias \u00e0 importa\u00e7\u00e3o de a\u00e7o e criticam Fazenda"},"content":{"rendered":"<p>Insatisfeito com as cr\u00edticas que v\u00eam recebendo de parte do governo e do empresariado, o setor sider\u00fargico afirma que n\u00e3o \u00e9 contra a importa\u00e7\u00e3o. Ao pedir que o governo levante barreiras ao a\u00e7o que vem de China e R\u00fassia, o setor afirma combater a concorr\u00eancia desleal.<\/p>\n<p>&#8220;A importa\u00e7\u00e3o faz parte do jogo, desde que dentro das regras de com\u00e9rcio&#8221;, afirmou Marco Polo de Melo Lopes, presidente do A\u00e7o Brasil (associa\u00e7\u00e3o que re\u00fane as sider\u00fargicas).<\/p>\n<p>&#8220;Este produto pode ser importado do Jap\u00e3o, \u00cdndia, EUA, Coreia do Sul, \u00e9 uma commodity. China e R\u00fassia foram pegas na contraven\u00e7\u00e3o, com pr\u00e1ticas desleais&#8221;.<\/p>\n<p>As sider\u00fargicas pedem que o governo levante medidas antidumping, que encareceriam o pre\u00e7o do a\u00e7o importado por estes pa\u00edses. Investiga\u00e7\u00e3o feita pelo Decom (Departamento de Defesa Comercial) no ano passado concluiu que empresas chinesas e russas venderam a\u00e7o mais barato no Brasil, o que prejudicou a ind\u00fastria brasileira entre 2013 e 2015.<\/p>\n<p>A decis\u00e3o sobre a barreira de prote\u00e7\u00e3o ser\u00e1 dada nesta quinta-feira (18) pela Camex (conselho que re\u00fane oito minist\u00e9rios).<\/p>\n<p>Nesta ter\u00e7a-feira (16), o ministro Blairo Maggi afirmou o Minist\u00e9rio da Agricultura votar\u00e1 contra a prote\u00e7\u00e3o ao a\u00e7o brasileiro, por temer retalia\u00e7\u00f5es da China.<\/p>\n<p>&#8220;H\u00e1 um problema com a ind\u00fastria, mas o meu problema \u00e9 a agricultura&#8221;, afirmou. &#8220;Na China tudo \u00e9 interligado, ent\u00e3o no momento em que o Brasil colocar prote\u00e7\u00e3o no a\u00e7o aqui, isso vai prejudicar o agroneg\u00f3cio l\u00e1. E o meu neg\u00f3cio \u00e9 defender o agroneg\u00f3cio.&#8221;<\/p>\n<p>Setores consumidores de a\u00e7o, como fabricantes de ve\u00edculos, de m\u00e1quinas e de eletrodom\u00e9sticos temem os efeitos de alta de pre\u00e7os da mat\u00e9ria-prima no Brasil.<\/p>\n<p>Estudo do Minist\u00e9rio da Fazenda \u2013contr\u00e1rio \u00e0 prote\u00e7\u00e3o\u2013 afirma que o impacto seria de 0,09%, o que poderia fazer com que eletrodom\u00e9sticos pudessem subir at\u00e9 3%. J\u00e1 estudo do n\u00facleo econ\u00f4mico da Camex vai na dire\u00e7\u00e3o oposta e aponta um impacto quase nulo, de 0,0008% sobre os pre\u00e7os internos.<\/p>\n<p>Marco Polo afirma que a an\u00e1lise t\u00e9cnica do Decom foi feita e que as cr\u00edticas da Fazenda s\u00e3o &#8220;conceituais&#8221;.<\/p>\n<p>&#8220;J\u00e1 ouvi na Fazenda que antidumping n\u00e3o deveria existir. \u00c9 um pessoal que vive fora do mundo real, n\u00e3o sabe o que \u00e9 China e o que s\u00e3o pr\u00e1ticas predat\u00f3rias. Empresas desaparecem por competi\u00e7\u00e3o desleal&#8221;, afirma o executivo.<\/p>\n<p>O representante do setor sider\u00fargico argumenta que, com a sobreoferta de a\u00e7o no mundo, em raz\u00e3o do menor crescimento econ\u00f4mico global, os pa\u00edses est\u00e3o aproveitando para despejar produtos nos pa\u00edses que n\u00e3o se protegem.<\/p>\n<p>&#8220;Mandamos uma sinaliza\u00e7\u00e3o muito ruim para o mundo, e acho que seria o enfraquecimento da nossa defesa comercial&#8221;, afirma. &#8220;Ressaltamos que a Camex s\u00e3o oito representantes. Imaginar que posi\u00e7\u00e3o da Fazenda ou Agricultura represente uma tomada de decis\u00e3o, n\u00e3o precisaria do conselho.&#8221;<\/p>\n<p>A Camex tamb\u00e9m \u00e9 integrada por representantes dos minist\u00e9rios do Planejamento, Casa Civil, Transportes, secretaria-geral da Presid\u00eancia e Ind\u00fastria e Com\u00e9rcio Exterior.\u00a0<\/p>\n<p>Fonte: Folha SP<\/p>\n","protected":false},"excerpt":{"rendered":"<p>Insatisfeito com as cr\u00edticas que v\u00eam recebendo de parte do governo e do empresariado, o setor sider\u00fargico afirma que n\u00e3o \u00e9 contra a importa\u00e7\u00e3o. Ao&#8230;<\/p>\n","protected":false},"author":1182,"featured_media":19106,"comment_status":"closed","ping_status":"closed","sticky":false,"template":"","format":"standard","meta":{"footnotes":""},"categories":[6],"tags":[],"class_list":["post-25887","post","type-post","status-publish","format-standard","has-post-thumbnail","hentry","category-noticias"],"_links":{"self":[{"href":"https:\/\/www.sincomam.org.br\/index.php\/wp-json\/wp\/v2\/posts\/25887","targetHints":{"allow":["GET"]}}],"collection":[{"href":"https:\/\/www.sincomam.org.br\/index.php\/wp-json\/wp\/v2\/posts"}],"about":[{"href":"https:\/\/www.sincomam.org.br\/index.php\/wp-json\/wp\/v2\/types\/post"}],"author":[{"embeddable":true,"href":"https:\/\/www.sincomam.org.br\/index.php\/wp-json\/wp\/v2\/users\/1182"}],"replies":[{"embeddable":true,"href":"https:\/\/www.sincomam.org.br\/index.php\/wp-json\/wp\/v2\/comments?post=25887"}],"version-history":[{"count":1,"href":"https:\/\/www.sincomam.org.br\/index.php\/wp-json\/wp\/v2\/posts\/25887\/revisions"}],"predecessor-version":[{"id":25888,"href":"https:\/\/www.sincomam.org.br\/index.php\/wp-json\/wp\/v2\/posts\/25887\/revisions\/25888"}],"wp:featuredmedia":[{"embeddable":true,"href":"https:\/\/www.sincomam.org.br\/index.php\/wp-json\/wp\/v2\/media\/19106"}],"wp:attachment":[{"href":"https:\/\/www.sincomam.org.br\/index.php\/wp-json\/wp\/v2\/media?parent=25887"}],"wp:term":[{"taxonomy":"category","embeddable":true,"href":"https:\/\/www.sincomam.org.br\/index.php\/wp-json\/wp\/v2\/categories?post=25887"},{"taxonomy":"post_tag","embeddable":true,"href":"https:\/\/www.sincomam.org.br\/index.php\/wp-json\/wp\/v2\/tags?post=25887"}],"curies":[{"name":"wp","href":"https:\/\/api.w.org\/{rel}","templated":true}]}}