{"id":25865,"date":"2018-01-17T11:17:44","date_gmt":"2018-01-17T13:17:44","guid":{"rendered":"http:\/\/sincomam.org.br\/?p=25865"},"modified":"2018-01-17T11:17:44","modified_gmt":"2018-01-17T13:17:44","slug":"docas-realiza-audiencias-sobre-leiloes-de-terminais-no-porto-de-cabeledo","status":"publish","type":"post","link":"https:\/\/www.sincomam.org.br\/index.php\/docas-realiza-audiencias-sobre-leiloes-de-terminais-no-porto-de-cabeledo\/","title":{"rendered":"Docas realiza audi\u00eancias sobre leil\u00f5es de terminais no Porto de Cabeledo"},"content":{"rendered":"<p>A Diretora Presidente da Companhia Docas da Para\u00edba, Gilmara Tem\u00f3teo, se reuniu com o diretor da Ag\u00eancia Nacional de Transportes Aquavi\u00e1rios, Dr. M\u00e1rio Povia, para tratar sobre o lan\u00e7amento das audi\u00eancias p\u00fablicas que precedem os leil\u00f5es de terminais de derivados de petr\u00f3leo localizados na \u00e1rea portu\u00e1ria de Cabedelo.<\/p>\n<p>\u201cTal procedimento \u00e9 exigido em lei para que todos os interessados possam esclarecer quaisquer d\u00favidas acerca dos projetos desenvolvidos pela companhia Docas\u201d, explicou a executiva.<\/p>\n<p>Na ocasi\u00e3o, ficou definido que as audi\u00eancias p\u00fablicas ser\u00e3o realizadas no m\u00eas de fevereiro, possibilitando assim que os leil\u00f5es possam ocorrer ainda no primeiro semestre de 2018.<\/p>\n<p>O Porto de Cabedelo foi o \u00fanico porto do Pa\u00eds que desenvolveu os Estudos de Viabilidade T\u00e9cnica, Econ\u00f4mica e Ambiental necess\u00e1rios para a realiza\u00e7\u00e3o dos leil\u00f5es pelo Governo Federal. Esses estudos foram custeados atrav\u00e9s de recursos pr\u00f3prios da Companhia e doados ao Governo Federal.<\/p>\n<p>As empresas que vencerem os leil\u00f5es ser\u00e3o obrigadas a investir aproximadamente R$60 milh\u00f5es na expans\u00e3o dos terminais e cerca de R$20 milh\u00f5es na infraestrutura do Porto, onde ser\u00e3o requalificados toda a pavimenta\u00e7\u00e3o da \u00e1rea prim\u00e1ria do Porto paraibano, sistema de combate \u00e0 inc\u00eandio, de drenagem, reforma dos armaz\u00e9ns, entre outros investimentos.<\/p>\n<p>Participaram ainda do encontro, Bruno Pinheiro, superintendente de Regula\u00e7\u00e3o da ANTAQ e Disney Barroca &#8211; coordenador geral de modelagem de outorgas da Secretaria Nacional de Portos.\u00a0<\/p>\n<p>Fonte: WScom<\/p>\n<div class=\"jwDisqusForm\"><\/div>\n","protected":false},"excerpt":{"rendered":"<p>A Diretora Presidente da Companhia Docas da Para\u00edba, Gilmara Tem\u00f3teo, se reuniu com o diretor da Ag\u00eancia Nacional de Transportes Aquavi\u00e1rios, Dr. M\u00e1rio Povia, para&#8230;<\/p>\n","protected":false},"author":1182,"featured_media":5342,"comment_status":"closed","ping_status":"closed","sticky":false,"template":"","format":"standard","meta":{"footnotes":""},"categories":[6],"tags":[],"class_list":["post-25865","post","type-post","status-publish","format-standard","has-post-thumbnail","hentry","category-noticias"],"_links":{"self":[{"href":"https:\/\/www.sincomam.org.br\/index.php\/wp-json\/wp\/v2\/posts\/25865","targetHints":{"allow":["GET"]}}],"collection":[{"href":"https:\/\/www.sincomam.org.br\/index.php\/wp-json\/wp\/v2\/posts"}],"about":[{"href":"https:\/\/www.sincomam.org.br\/index.php\/wp-json\/wp\/v2\/types\/post"}],"author":[{"embeddable":true,"href":"https:\/\/www.sincomam.org.br\/index.php\/wp-json\/wp\/v2\/users\/1182"}],"replies":[{"embeddable":true,"href":"https:\/\/www.sincomam.org.br\/index.php\/wp-json\/wp\/v2\/comments?post=25865"}],"version-history":[{"count":1,"href":"https:\/\/www.sincomam.org.br\/index.php\/wp-json\/wp\/v2\/posts\/25865\/revisions"}],"predecessor-version":[{"id":25866,"href":"https:\/\/www.sincomam.org.br\/index.php\/wp-json\/wp\/v2\/posts\/25865\/revisions\/25866"}],"wp:featuredmedia":[{"embeddable":true,"href":"https:\/\/www.sincomam.org.br\/index.php\/wp-json\/wp\/v2\/media\/5342"}],"wp:attachment":[{"href":"https:\/\/www.sincomam.org.br\/index.php\/wp-json\/wp\/v2\/media?parent=25865"}],"wp:term":[{"taxonomy":"category","embeddable":true,"href":"https:\/\/www.sincomam.org.br\/index.php\/wp-json\/wp\/v2\/categories?post=25865"},{"taxonomy":"post_tag","embeddable":true,"href":"https:\/\/www.sincomam.org.br\/index.php\/wp-json\/wp\/v2\/tags?post=25865"}],"curies":[{"name":"wp","href":"https:\/\/api.w.org\/{rel}","templated":true}]}}