{"id":25825,"date":"2018-01-15T00:40:25","date_gmt":"2018-01-15T02:40:25","guid":{"rendered":"http:\/\/www.sincomam.org.br\/?p=25825"},"modified":"2018-01-14T17:42:03","modified_gmt":"2018-01-14T19:42:03","slug":"porto-de-santos-suspende-operacoes-de-transporte-de-animais-vivos","status":"publish","type":"post","link":"https:\/\/www.sincomam.org.br\/index.php\/porto-de-santos-suspende-operacoes-de-transporte-de-animais-vivos\/","title":{"rendered":"Porto de Santos suspende opera\u00e7\u00f5es de transporte de animais vivos"},"content":{"rendered":"<p>A Companhia Docas do Estado de S\u00e3o Paulo (CODESP) anunciou, por meio de um documento emitido que as opera\u00e7\u00f5es de transporte de animais vivos est\u00e3o suspensas no Porto de Santos.<\/p>\n<p>O porto havia voltado, ap\u00f3s 20 anos, a embarcar animais vivos em dezembro de 2017, quando 27 mil bois foram transportados de navio para a Turquia. A decis\u00e3o de retomar a atividade no local indignou ativistas, que se mobilizaram para registrar o embarque dos animais. Sujos, eles chegaram \u00e0 embarca\u00e7\u00e3o cobertos por fezes. Um deles, inclusive, foi registrado ca\u00eddo ao ch\u00e3o, ap\u00f3s provavelmente ter se machucado.<\/p>\n<p>Protestos foram feitos na cidade de Santos, no litoral paulista, para criticar o transporte mar\u00edtimo, caracterizado por viagens exaustivas e estressantes, nas quais os animais n\u00e3o tem sequer espa\u00e7o para deitar e descansar e muitos deles morrem durante o percurso. Uma nova manifesta\u00e7\u00e3o havia sido marcada para o pr\u00f3ximo dia 20, quando seria realizado um novo embarque de animais vivos, agora cancelado.<\/p>\n<p>O documento que atesta a suspens\u00e3o do transporte de animais vivos no maior porto do Brasil foi enviado ao deputado federal Ricardo Izar Jr. Nele, consta tamb\u00e9m o nome do deputado estadual Feliciano Filho como um dos respons\u00e1veis por pressionar o porto solicitando o fim da atividade.<\/p>\n<p>\u201cAp\u00f3s muitos contatos com a Diretoria do Porto de Santos, acabamos de receber esta grande not\u00edcia, o que nos deixa muito felizes! Agrade\u00e7o o Deputado Feliciano Filho pela parceria e empenho. CONSEGUIMOS!\u201d, comemorou Ricardo Izar em rede social.<\/p>\n<p>Fonte: Vetanimal<\/p>\n","protected":false},"excerpt":{"rendered":"<p>A Companhia Docas do Estado de S\u00e3o Paulo (CODESP) anunciou, por meio de um documento emitido que as opera\u00e7\u00f5es de transporte de animais vivos est\u00e3o&#8230;<\/p>\n","protected":false},"author":1182,"featured_media":18319,"comment_status":"closed","ping_status":"closed","sticky":false,"template":"","format":"standard","meta":{"footnotes":""},"categories":[6],"tags":[],"class_list":["post-25825","post","type-post","status-publish","format-standard","has-post-thumbnail","hentry","category-noticias"],"_links":{"self":[{"href":"https:\/\/www.sincomam.org.br\/index.php\/wp-json\/wp\/v2\/posts\/25825","targetHints":{"allow":["GET"]}}],"collection":[{"href":"https:\/\/www.sincomam.org.br\/index.php\/wp-json\/wp\/v2\/posts"}],"about":[{"href":"https:\/\/www.sincomam.org.br\/index.php\/wp-json\/wp\/v2\/types\/post"}],"author":[{"embeddable":true,"href":"https:\/\/www.sincomam.org.br\/index.php\/wp-json\/wp\/v2\/users\/1182"}],"replies":[{"embeddable":true,"href":"https:\/\/www.sincomam.org.br\/index.php\/wp-json\/wp\/v2\/comments?post=25825"}],"version-history":[{"count":2,"href":"https:\/\/www.sincomam.org.br\/index.php\/wp-json\/wp\/v2\/posts\/25825\/revisions"}],"predecessor-version":[{"id":25827,"href":"https:\/\/www.sincomam.org.br\/index.php\/wp-json\/wp\/v2\/posts\/25825\/revisions\/25827"}],"wp:featuredmedia":[{"embeddable":true,"href":"https:\/\/www.sincomam.org.br\/index.php\/wp-json\/wp\/v2\/media\/18319"}],"wp:attachment":[{"href":"https:\/\/www.sincomam.org.br\/index.php\/wp-json\/wp\/v2\/media?parent=25825"}],"wp:term":[{"taxonomy":"category","embeddable":true,"href":"https:\/\/www.sincomam.org.br\/index.php\/wp-json\/wp\/v2\/categories?post=25825"},{"taxonomy":"post_tag","embeddable":true,"href":"https:\/\/www.sincomam.org.br\/index.php\/wp-json\/wp\/v2\/tags?post=25825"}],"curies":[{"name":"wp","href":"https:\/\/api.w.org\/{rel}","templated":true}]}}