{"id":25811,"date":"2018-01-11T08:39:53","date_gmt":"2018-01-11T10:39:53","guid":{"rendered":"http:\/\/www.sincomam.org.br\/?p=25811"},"modified":"2018-01-11T08:39:53","modified_gmt":"2018-01-11T10:39:53","slug":"venda-de-soja-do-brasil-patina-com-produtor-a-espera-de-preco-mais-alto","status":"publish","type":"post","link":"https:\/\/www.sincomam.org.br\/index.php\/venda-de-soja-do-brasil-patina-com-produtor-a-espera-de-preco-mais-alto\/","title":{"rendered":"Venda de soja do Brasil patina com produtor \u00e0 espera de pre\u00e7o mais alto"},"content":{"rendered":"<p>Com a colheita no in\u00edcio, a comercializa\u00e7\u00e3o antecipada da safra de soja 2017\/18 do Brasil seguia com lentid\u00e3o e atingia apenas 29,8 por cento da produ\u00e7\u00e3o prevista at\u00e9 5 de janeiro, de acordo com levantamento da Safras &amp; Mercado, reflexo de produtores ainda \u00e0 espera de pre\u00e7os mais remuneradores.<\/p>\n<p>O volume \u00e9 consideravelmente inferior na compara\u00e7\u00e3o com os 34,4 por cento de igual per\u00edodo do ano passado e com os 38,2 por cento da m\u00e9dia para a \u00e9poca do ano, al\u00e9m de representar avan\u00e7o de somente 3,1 ponto percentual desde 8 dezembro, quando a consultoria divulgou seu levantamento anterior.<\/p>\n<p>\u201cIsso vem ao longo de todo o ano passado. Tivemos um 2017 de pre\u00e7os em queda, por diversos fatores, principalmente (Bolsa de) Chicago e d\u00f3lar. Chicago trabalhou em n\u00edvel mais baixo, e o produtor atrasou a negocia\u00e7\u00e3o, porque estava esperando que os pre\u00e7os reagissem\u201d, explicou Luiz Fernando Roque, consultor da Safras.<\/p>\n<p>O contrato para mar\u00e7o na CBOT, que chegou a quase 10,50 d\u00f3lares por bushel em julho do ano passado, escorregou para perto de 9,60 d\u00f3lares agora, pressionado pela ampla oferta mundial.<\/p>\n<p>Para o consultor, \u201co produtor est\u00e1 esperando o clima, apostando que o La Ni\u00f1a vai trazer problemas\u201d, principalmente na Argentina, de modo que os pre\u00e7os da oleaginosa voltem a reagir.<\/p>\n<p>Especialistas ouvidos pela Reuters nesta segunda-feira disseram que as chuvas em excesso e a nebulosidade em \u00e1reas produtoras de soja do Brasil come\u00e7am a levantar preocupa\u00e7\u00f5es, em especial com o fungo da ferrugem.<\/p>\n<p>Roque, contudo, avalia que essa condi\u00e7\u00e3o clim\u00e1tica ainda \u00e9 incapaz de provocar perdas, de modo que Brasil caminha para ter uma \u201csafra cheia\u201d &#8211;em recente pesquisa da Reuters sobre a temporada deste ano, a Safras figurou como a consultoria mais otimista, estimando produ\u00e7\u00e3o recorde de 114,56 milh\u00f5es de toneladas.<\/p>\n<p>Segundo o consultor, as vendas da safra de soja dever\u00e3o crescer nas pr\u00f3ximas semanas, com o desenrolar da colheita.<\/p>\n<p>\u201cO produtor est\u00e1 menos capitalizado neste ano, vai precisar colocar dinheiro no bolso e vai ser obrigado a vender a pre\u00e7os mais baixos\u201d, caso estes n\u00e3o subam, concluiu Roque.<\/p>\n<p>Fonte: Reuters<\/p>\n","protected":false},"excerpt":{"rendered":"<p>Com a colheita no in\u00edcio, a comercializa\u00e7\u00e3o antecipada da safra de soja 2017\/18 do Brasil seguia com lentid\u00e3o e atingia apenas 29,8 por cento da&#8230;<\/p>\n","protected":false},"author":1182,"featured_media":22306,"comment_status":"closed","ping_status":"closed","sticky":false,"template":"","format":"standard","meta":{"footnotes":""},"categories":[6],"tags":[],"class_list":["post-25811","post","type-post","status-publish","format-standard","has-post-thumbnail","hentry","category-noticias"],"_links":{"self":[{"href":"https:\/\/www.sincomam.org.br\/index.php\/wp-json\/wp\/v2\/posts\/25811","targetHints":{"allow":["GET"]}}],"collection":[{"href":"https:\/\/www.sincomam.org.br\/index.php\/wp-json\/wp\/v2\/posts"}],"about":[{"href":"https:\/\/www.sincomam.org.br\/index.php\/wp-json\/wp\/v2\/types\/post"}],"author":[{"embeddable":true,"href":"https:\/\/www.sincomam.org.br\/index.php\/wp-json\/wp\/v2\/users\/1182"}],"replies":[{"embeddable":true,"href":"https:\/\/www.sincomam.org.br\/index.php\/wp-json\/wp\/v2\/comments?post=25811"}],"version-history":[{"count":1,"href":"https:\/\/www.sincomam.org.br\/index.php\/wp-json\/wp\/v2\/posts\/25811\/revisions"}],"predecessor-version":[{"id":25812,"href":"https:\/\/www.sincomam.org.br\/index.php\/wp-json\/wp\/v2\/posts\/25811\/revisions\/25812"}],"wp:featuredmedia":[{"embeddable":true,"href":"https:\/\/www.sincomam.org.br\/index.php\/wp-json\/wp\/v2\/media\/22306"}],"wp:attachment":[{"href":"https:\/\/www.sincomam.org.br\/index.php\/wp-json\/wp\/v2\/media?parent=25811"}],"wp:term":[{"taxonomy":"category","embeddable":true,"href":"https:\/\/www.sincomam.org.br\/index.php\/wp-json\/wp\/v2\/categories?post=25811"},{"taxonomy":"post_tag","embeddable":true,"href":"https:\/\/www.sincomam.org.br\/index.php\/wp-json\/wp\/v2\/tags?post=25811"}],"curies":[{"name":"wp","href":"https:\/\/api.w.org\/{rel}","templated":true}]}}