{"id":25809,"date":"2018-01-10T00:57:41","date_gmt":"2018-01-10T02:57:41","guid":{"rendered":"http:\/\/sincomam.org.br\/?p=25809"},"modified":"2018-01-09T18:59:34","modified_gmt":"2018-01-09T20:59:34","slug":"pais-comeca-ano-com-melhor-cenario-hidrico-desde-2012","status":"publish","type":"post","link":"https:\/\/www.sincomam.org.br\/index.php\/pais-comeca-ano-com-melhor-cenario-hidrico-desde-2012\/","title":{"rendered":"Pa\u00eds come\u00e7a ano com melhor cen\u00e1rio h\u00eddrico desde 2012"},"content":{"rendered":"<p>Ap\u00f3s um segundo semestre conturbado em 2017, com realiza\u00e7\u00e3o de reuni\u00f5es extraordin\u00e1rias do Comit\u00ea de Monitoramento do Setor El\u00e9trico (CMSE), o ano de 2018 come\u00e7a com perspectivas favor\u00e1veis com rela\u00e7\u00e3o ao regime de chuvas, abastecimento e pre\u00e7os de energia. De acordo com dados do Operador Nacional do Sistema El\u00e9trico (ONS), o volume de chuvas previsto em janeiro para o subsistema Sudeste\/Centro-Oeste, o principal do pa\u00eds, \u00e9 5% superior \u00e0 m\u00e9dia hist\u00f3rica para o m\u00eas. \u00c9 o melhor indicador para o primeiro m\u00eas do ano desde o per\u00edodo pr\u00e9-crise h\u00eddrica, em 2012, quando o volume ficou 16% acima da m\u00e9dia hist\u00f3rica.<\/p>\n<p>Especialistas do setor, contudo, est\u00e3o divididos. A maioria deles, de fato, prev\u00ea um per\u00edodo chuvoso, que vai at\u00e9 o fim de mar\u00e7o, permitindo uma recupera\u00e7\u00e3o do n\u00edvel dos reservat\u00f3rios hidrel\u00e9tricos acima do observado em 2017, reduzindo a press\u00e3o sobre os pre\u00e7os de energia e a infla\u00e7\u00e3o. J\u00e1 outros analistas estimam que a situa\u00e7\u00e3o clim\u00e1tica vai se deteriorar j\u00e1 no fim de janeiro, prejudicando a recupera\u00e7\u00e3o dos lagos das usinas. Sobre o Nordeste, o consenso \u00e9 que o cen\u00e1rio ainda \u00e9 preocupante, com baixo n\u00edvel de estoque nos reservat\u00f3rios das usinas.<\/p>\n<p>Com o regime de chuvas favor\u00e1vel no in\u00edcio de janeiro, o ONS prev\u00ea uma recupera\u00e7\u00e3o mais acentuada do n\u00edvel de armazenamento dos reservat\u00f3rios, por\u00e9m ainda abaixo do ideal, fechando janeiro com 35,9% de estoque nos lagos das usinas do Sudeste\/Centro-Oeste, que respondem por mais de 70% da capacidade de acumula\u00e7\u00e3o de \u00e1gua para gera\u00e7\u00e3o de energia do pa\u00eds. O n\u00famero \u00e9 ligeiramente inferior ao obtido no fim do primeiro m\u00eas de 2017, de 37,33%.<\/p>\n<p>Com o cen\u00e1rio mais tranquilo, alguns especialistas esperam que o n\u00edvel m\u00e9dio dos reservat\u00f3rios do Sudeste\/Centro-Oeste alcance 50% no fim de mar\u00e7o, quando termina o per\u00edodo chuvoso, contra 42% em igual per\u00edodo de 2017, o que deve se traduzir em pre\u00e7os mais baixos para a energia. &#8220;Se chover na m\u00e9dia em fevereiro e mar\u00e7o, projetamos terminar mar\u00e7o com 50% [de armazenamento]&#8221; afirmou Paulo Mayon, diretor do grupo Compass, especializado em comercializa\u00e7\u00e3o de energia. &#8220;S\u00e3o not\u00edcias boas para efeito de tarifas, infla\u00e7\u00e3o e para quem est\u00e1 contratando energia adicional agora [no mercado livre]&#8221;, completou ele.<\/p>\n<p>A estimativa da Compass \u00e9 compartilhada pela Electra Energy. &#8220;Enquanto no \u00faltimo per\u00edodo \u00famido, houve recupera\u00e7\u00e3o de apenas 10% no n\u00edvel dos reservat\u00f3rios, a tend\u00eancia para este ano \u00e9 da ordem de 25%&#8221;, destacou Sandro Antonio Saggiorato, gerente de Risco de Mercado da companhia.<\/p>\n<p>O quadro de melhora j\u00e1 se reflete nos pre\u00e7os de curto prazo. O Pre\u00e7o de Liquida\u00e7\u00e3o de Diferen\u00e7as (PLD) para esta semana recuou 10% no Sudeste\/Centro-Oeste, para R$ 176,64 por megawatt-hora (MWh), de acordo com a C\u00e2mara de Comercializa\u00e7\u00e3o de Energia El\u00e9trica (CCEE).<\/p>\n<p>&#8220;O ano j\u00e1 come\u00e7a bem melhor que o ano passado. Se o per\u00edodo \u00famido terminar com os reservat\u00f3rios do Sudeste em n\u00edvel pr\u00f3ximo de 50% e o cen\u00e1rio de chuvas for mantido, teremos pre\u00e7os baixos. Para fevereiro, a tend\u00eancia que vemos \u00e9 pre\u00e7os na casa de R$ 140\/ MWh a R$ 150\/MWh&#8221;, disse Carlos Caminada, diretor de Intelig\u00eancia e Risco da Ecom Energia.<\/p>\n<p>A Comerc Energia trabalha com pre\u00e7os para fevereiro em torno de R$ 135\/MWh, caso o volume de chuvas naquele m\u00eas do ano fique pr\u00f3ximo (96%) da m\u00e9dia hist\u00f3rica.<\/p>\n<p>Segundo a consultoria GV Energy, o consumo de energia no pa\u00eds em janeiro deve crescer 1,9% ante igual per\u00edodo de 2017. Ela, por\u00e9m, ressaltou que historicamente os primeiros meses do ano apresentam maior carga no sistema, devido \u00e0s elevadas temperaturas. &#8220;Caso ocorram temperaturas acima do inicialmente projetado, o consumo do SIN [Sistema Interligado Nacional] pode apresentar uma eleva\u00e7\u00e3o mais significativa&#8221;, indicou a GV Energy, em relat\u00f3rio.<\/p>\n<p>O cen\u00e1rio favor\u00e1vel, no entanto, n\u00e3o \u00e9 consenso no setor. Segundo a diretora de Meteorologia do Instituto Climatempo, Patricia Madeira, h\u00e1 uma tend\u00eancia de redu\u00e7\u00e3o do volume de chuvas na segunda quinzena de janeiro e na primeira metade de fevereiro, m\u00eas considerado fundamental em termos de recupera\u00e7\u00e3o do n\u00edvel dos reservat\u00f3rios h\u00eddricos.<\/p>\n<p>&#8220;O que vem acontecendo \u00e9 uma tend\u00eancia de forma\u00e7\u00e3o de bloqueio atmosf\u00e9rico no fim de janeiro e que pode restringir a chuva&#8221;, disse Patricia. Segundo a especialista, o volume de chuvas previsto para o Sudeste\/Centro-Oeste em fevereiro \u00e9 de 85% da m\u00e9dia hist\u00f3rica para o m\u00eas.<\/p>\n<p>Tamb\u00e9m mais pessimista, o diretor da consultoria Thymos Energia, Jo\u00e3o Carlos Mello, entende que a chuva ocorrida at\u00e9 agora n\u00e3o \u00e9 suficiente para melhorar a situa\u00e7\u00e3o dos reservat\u00f3rios, que, em sua opini\u00e3o, permanecem com n\u00edveis baixos. &#8220;A perspectiva \u00e9 que o ano ser\u00e1 razo\u00e1vel, nem t\u00e3o ruim nem t\u00e3o bom que os reservat\u00f3rios se recuperem. Isso perpetuar\u00e1 a crise dos reservat\u00f3rios, n\u00e3o vamos conseguir ench\u00ea-los&#8221;, explicou.<\/p>\n<p>Apesar da melhora recente do volume de chuvas e do n\u00edvel de armazenamento dos reservat\u00f3rios do Sudeste, o quadro no Nordeste ainda \u00e9 preocupante. De acordo com dados do ONS, o volume de chuvas previsto para a regi\u00e3o em janeiro \u00e9 de apenas 42% da m\u00e9dia hist\u00f3rica para o m\u00eas, fazendo com que os lagos das usinas alcancem apenas 19,6% da capacidade de estoque.<\/p>\n<p>&#8220;A regi\u00e3o [Nordeste] vai demandar aten\u00e7\u00e3o especial do ONS&#8221;, completou Caminada, da Ecom Energia.<\/p>\n<p>Fonte: Valor<\/p>\n<div class=\"jwDisqusForm\"><\/div>\n","protected":false},"excerpt":{"rendered":"<p>Ap\u00f3s um segundo semestre conturbado em 2017, com realiza\u00e7\u00e3o de reuni\u00f5es extraordin\u00e1rias do Comit\u00ea de Monitoramento do Setor El\u00e9trico (CMSE), o ano de 2018 come\u00e7a&#8230;<\/p>\n","protected":false},"author":1182,"featured_media":18514,"comment_status":"closed","ping_status":"closed","sticky":false,"template":"","format":"standard","meta":{"footnotes":""},"categories":[6],"tags":[],"class_list":["post-25809","post","type-post","status-publish","format-standard","has-post-thumbnail","hentry","category-noticias"],"_links":{"self":[{"href":"https:\/\/www.sincomam.org.br\/index.php\/wp-json\/wp\/v2\/posts\/25809","targetHints":{"allow":["GET"]}}],"collection":[{"href":"https:\/\/www.sincomam.org.br\/index.php\/wp-json\/wp\/v2\/posts"}],"about":[{"href":"https:\/\/www.sincomam.org.br\/index.php\/wp-json\/wp\/v2\/types\/post"}],"author":[{"embeddable":true,"href":"https:\/\/www.sincomam.org.br\/index.php\/wp-json\/wp\/v2\/users\/1182"}],"replies":[{"embeddable":true,"href":"https:\/\/www.sincomam.org.br\/index.php\/wp-json\/wp\/v2\/comments?post=25809"}],"version-history":[{"count":1,"href":"https:\/\/www.sincomam.org.br\/index.php\/wp-json\/wp\/v2\/posts\/25809\/revisions"}],"predecessor-version":[{"id":25810,"href":"https:\/\/www.sincomam.org.br\/index.php\/wp-json\/wp\/v2\/posts\/25809\/revisions\/25810"}],"wp:featuredmedia":[{"embeddable":true,"href":"https:\/\/www.sincomam.org.br\/index.php\/wp-json\/wp\/v2\/media\/18514"}],"wp:attachment":[{"href":"https:\/\/www.sincomam.org.br\/index.php\/wp-json\/wp\/v2\/media?parent=25809"}],"wp:term":[{"taxonomy":"category","embeddable":true,"href":"https:\/\/www.sincomam.org.br\/index.php\/wp-json\/wp\/v2\/categories?post=25809"},{"taxonomy":"post_tag","embeddable":true,"href":"https:\/\/www.sincomam.org.br\/index.php\/wp-json\/wp\/v2\/tags?post=25809"}],"curies":[{"name":"wp","href":"https:\/\/api.w.org\/{rel}","templated":true}]}}