{"id":25761,"date":"2018-01-05T00:06:30","date_gmt":"2018-01-05T02:06:30","guid":{"rendered":"http:\/\/www.sincomam.org.br\/?p=25761"},"modified":"2017-12-27T17:07:23","modified_gmt":"2017-12-27T19:07:23","slug":"porto-publico-de-porto-velho-comemora-resultados-de-2017-e-planeja-investimentos-futuros","status":"publish","type":"post","link":"https:\/\/www.sincomam.org.br\/index.php\/porto-publico-de-porto-velho-comemora-resultados-de-2017-e-planeja-investimentos-futuros\/","title":{"rendered":"Porto P\u00fablico de Porto Velho comemora resultados de 2017 e planeja investimentos futuros"},"content":{"rendered":"<p>A diretoria executiva do Porto P\u00fablico de Porto Velho divulgou a proje\u00e7\u00e3o dos resultados obtidos da empresa p\u00fablica no ano de 2017. At\u00e9 o fechamento do relat\u00f3rio de movimenta\u00e7\u00e3o de cargas, realizado em dezembro, a previs\u00e3o da 2,4 milh\u00f5es de toneladas exportada\/importada, mantendo a proje\u00e7\u00e3o de operar 10% a mais que no ano anterior.<\/p>\n<p>Para o presidente da Sociedade de Portos e Hidrovias do Estado de Rond\u00f4nia (Soph), Leudo Buriti, o aumento \u00e9 reflexo do crescimento do agroneg\u00f3cio na regi\u00e3o. \u201cA safra de 2017 bateu todos os recordes da colheita. Nosso papel \u00e9 dar a estrutura necess\u00e1ria para o pequeno, m\u00e9dio e grande produtor escoar seu produto por aqui, uma vez que al\u00e9m de espa\u00e7o para movimentar graneis s\u00f3lidos, h\u00e1 capacidade para operar cargas diversas, derivados de petr\u00f3leo e dispormos do \u00fanico recinto alfandegado da Amaz\u00f4nia ocidental\u201d, frisou.<\/p>\n<p>Ele complementa ainda sobre os investimentos realizados. \u201cNo in\u00edcio deste m\u00eas foram entregues dois conjuntos de rampas flutuantes que substitu\u00edram as atuais, utilizadas por mais de 30 anos, recebidas como do Porto de Santos na d\u00e9cada de 80. O investimento na aquisi\u00e7\u00e3o das rampas foi de R$ 5 milh\u00f5es provenientes do Termo de Compromisso n\u00ba 003\/2017 da SOPH, com interveni\u00eancia do Governo do Estado, e a Secretaria Nacional de Portos, vinculada ao Minist\u00e9rio dos Transportes, Portos e Avia\u00e7\u00e3o Civil (MTPAC) na ordem de R$ 22 milh\u00f5es\u201d, explicou.<\/p>\n<p>Outro resultado positivo \u00e9 a economia aos cofres p\u00fablicos de R$ 17 milh\u00f5es, fruto da mudan\u00e7a de entendimento do Tribunal Regional do Trabalho \u2013 14\u00aa Regi\u00e3o acerca da responsabilidade solid\u00e1ria da contrata\u00e7\u00e3o de trabalhadores portu\u00e1rios avulsos e a revers\u00e3o de uma cobran\u00e7a de execu\u00e7\u00e3o fiscal. Para o coordenador jur\u00eddico da SOPH, Rodolfo Jenner de Ara\u00fajo Moreira, o resultado das a\u00e7\u00f5es \u00e9 fruto do empenho de uma equipe especializada em legisla\u00e7\u00e3o portu\u00e1ria. \u201cA desonera\u00e7\u00e3o do empenho de tais recursos p\u00fablicos \u00e9 extremamente positivo para o Porto P\u00fablico, uma vez temos atuado na premissa da defesa dos interesses do Governo do Estado\u201d, comemorou.<\/p>\n<p>Fonte: Tudo Rond\u00f4nia<\/p>\n","protected":false},"excerpt":{"rendered":"<p>A diretoria executiva do Porto P\u00fablico de Porto Velho divulgou a proje\u00e7\u00e3o dos resultados obtidos da empresa p\u00fablica no ano de 2017. At\u00e9 o fechamento&#8230;<\/p>\n","protected":false},"author":1182,"featured_media":8806,"comment_status":"closed","ping_status":"closed","sticky":false,"template":"","format":"standard","meta":{"footnotes":""},"categories":[6],"tags":[],"class_list":["post-25761","post","type-post","status-publish","format-standard","has-post-thumbnail","hentry","category-noticias"],"_links":{"self":[{"href":"https:\/\/www.sincomam.org.br\/index.php\/wp-json\/wp\/v2\/posts\/25761","targetHints":{"allow":["GET"]}}],"collection":[{"href":"https:\/\/www.sincomam.org.br\/index.php\/wp-json\/wp\/v2\/posts"}],"about":[{"href":"https:\/\/www.sincomam.org.br\/index.php\/wp-json\/wp\/v2\/types\/post"}],"author":[{"embeddable":true,"href":"https:\/\/www.sincomam.org.br\/index.php\/wp-json\/wp\/v2\/users\/1182"}],"replies":[{"embeddable":true,"href":"https:\/\/www.sincomam.org.br\/index.php\/wp-json\/wp\/v2\/comments?post=25761"}],"version-history":[{"count":1,"href":"https:\/\/www.sincomam.org.br\/index.php\/wp-json\/wp\/v2\/posts\/25761\/revisions"}],"predecessor-version":[{"id":25762,"href":"https:\/\/www.sincomam.org.br\/index.php\/wp-json\/wp\/v2\/posts\/25761\/revisions\/25762"}],"wp:featuredmedia":[{"embeddable":true,"href":"https:\/\/www.sincomam.org.br\/index.php\/wp-json\/wp\/v2\/media\/8806"}],"wp:attachment":[{"href":"https:\/\/www.sincomam.org.br\/index.php\/wp-json\/wp\/v2\/media?parent=25761"}],"wp:term":[{"taxonomy":"category","embeddable":true,"href":"https:\/\/www.sincomam.org.br\/index.php\/wp-json\/wp\/v2\/categories?post=25761"},{"taxonomy":"post_tag","embeddable":true,"href":"https:\/\/www.sincomam.org.br\/index.php\/wp-json\/wp\/v2\/tags?post=25761"}],"curies":[{"name":"wp","href":"https:\/\/api.w.org\/{rel}","templated":true}]}}