{"id":25718,"date":"2017-12-28T00:10:04","date_gmt":"2017-12-28T02:10:04","guid":{"rendered":"http:\/\/www.sincomam.org.br\/?p=25718"},"modified":"2017-12-26T20:44:46","modified_gmt":"2017-12-26T22:44:46","slug":"contas-do-governo-registram-superavit-de-r-13-bi-em-novembro-informa-tesouro","status":"publish","type":"post","link":"https:\/\/www.sincomam.org.br\/index.php\/contas-do-governo-registram-superavit-de-r-13-bi-em-novembro-informa-tesouro\/","title":{"rendered":"Contas do governo registram super\u00e1vit de R$ 1,3 bi em novembro, informa Tesouro"},"content":{"rendered":"<div class=\"mc-column content-text active-extra-styles active-capital-letter\" data-block-type=\"unstyled\" data-block-weight=\"22\" data-block-id=\"2\">\n<p class=\"content-text__container theme-color-primary-first-letter\" data-track-category=\"Link no Texto\" data-track-links=\"\">O governo registrou super\u00e1vit prim\u00e1rio de R$ 1,348 bilh\u00e3o em novembro deste ano, informou a Secretaria do Tesouro Nacional.\u00a0<\/p>\n<\/div>\n<div class=\"mc-column content-text active-extra-styles \" data-block-type=\"unstyled\" data-block-weight=\"20\" data-block-id=\"3\">\n<p class=\"content-text__container \" data-track-category=\"Link no Texto\" data-track-links=\"\">O resultado \u00e9 o melhor para o m\u00eas de novembro desde 2013, quando houve um super\u00e1vit de R$ 28,9 bilh\u00f5es.\u00a0<\/p>\n<\/div>\n<div class=\"mc-column content-text active-extra-styles \" data-block-type=\"unstyled\" data-block-weight=\"36\" data-block-id=\"4\">\n<p class=\"content-text__container \" data-track-category=\"Link no Texto\" data-track-links=\"\">Isso significa que as receitas do governo com impostos e contribui\u00e7\u00f5es superaram as despesas em R$ 1,348 bilh\u00e3o no m\u00eas passado. Essa conta, por\u00e9m, n\u00e3o inclui os gastos com o pagamento dos juros da d\u00edvida p\u00fablica.\u00a0<\/p>\n<\/div>\n<div class=\"mc-column content-text active-extra-styles \" data-block-type=\"unstyled\" data-block-weight=\"30\" data-block-id=\"5\">\n<p class=\"content-text__container \" data-track-category=\"Link no Texto\" data-track-links=\"\">No acumulado do ano, at\u00e9 novembro, as contas do governo registram d\u00e9ficit de R$ 101,919 bilh\u00f5es, pior resultado para o per\u00edodo de toda a s\u00e9rie hist\u00f3rica, que come\u00e7a em 1997.\u00a0<\/p>\n<\/div>\n<div class=\"mc-column content-text active-extra-styles \" data-block-type=\"unstyled\" data-block-weight=\"14\" data-block-id=\"6\">\n<p class=\"content-text__container \" data-track-category=\"Link no Texto\" data-track-links=\"\">No acumulado dos \u00faltimos 12 meses o d\u00e9ficit do governo soma R$ 167 bilh\u00f5es.\u00a0<\/p>\n<\/div>\n<div class=\"mc-column content-text active-extra-styles \" data-block-type=\"unstyled\" data-block-weight=\"28\" data-block-id=\"7\">\n<p class=\"content-text__container \" data-track-category=\"Link no Texto\" data-track-links=\"\">A secret\u00e1ria do Tesouro, Ana Paula Vescovi, afirmou que a meta fiscal aprovada pelo Congresso para este ano, de R$ 159 bilh\u00f5es de d\u00e9ficit, ser\u00e1 cumprida com folga. <\/p>\n<p>\u201cTemos um cen\u00e1rio prop\u00edcio para o cumprimento da meta, e ela ser\u00e1 cumprida com uma folga\u201d, disse a secret\u00e1ria.<\/p>\n<\/div>\n<div class=\"mc-column content-text active-extra-styles \" data-block-type=\"unstyled\" data-block-weight=\"28\" data-block-id=\"9\">\n<p class=\"content-text__container \" data-track-category=\"Link no Texto\" data-track-links=\"\">Em dezembro, o governo estima R$ 17,7 bilh\u00f5es em receitas extraordin\u00e1rias, dos quais R$ 13,8 bilh\u00f5es de concess\u00f5es e permiss\u00f5es e R$ 2,9 bilh\u00f5es por devolu\u00e7\u00e3o de precat\u00f3rios.\u00a0<\/p>\n<\/div>\n<div class=\"mc-column content-text active-extra-styles \" data-block-type=\"unstyled\" data-block-weight=\"33\" data-block-id=\"10\">\n<p class=\"content-text__container \" data-track-category=\"Link no Texto\" data-track-links=\"\">Al\u00e9m disso, explicou a secret\u00e1ria, algumas despesas que ocorreram em dezembro do ano passado n\u00e3o devem ocorrer neste m\u00eas de dezembro, como o pagamento de tarifas banc\u00e1rias e de d\u00edvidas com organismos internacionais.\u00a0<\/p>\n<\/div>\n<div class=\"mc-column content-text active-extra-styles\" data-block-type=\"raw\" data-block-weight=\"3\" data-block-id=\"11\">\n<div class=\"content-intertitle\">\n<h2>Receitas e despesas<\/h2>\n<\/div>\n<\/div>\n<div class=\"mc-column content-text active-extra-styles \" data-block-type=\"unstyled\" data-block-weight=\"30\" data-block-id=\"12\">\n<p class=\"content-text__container \" data-track-category=\"Link no Texto\" data-track-links=\"\">Segundo o Tesouro Nacional, as receitas totais tiveram um aumento de 0,4% em termos reais (ap\u00f3s o abatimento da infla\u00e7\u00e3o) de janeiro a novembro deste ano, para R$ 1,232 trilh\u00e3o.\u00a0<\/p>\n<\/div>\n<div class=\"mc-column content-text active-extra-styles \" data-block-type=\"unstyled\" data-block-weight=\"24\" data-block-id=\"13\">\n<p class=\"content-text__container \" data-track-category=\"Link no Texto\" data-track-links=\"\">J\u00e1 as despesas totais n\u00e3o apresentaram varia\u00e7\u00e3o em termos reais na compara\u00e7\u00e3o com os 11 primeiros meses do ano passado, totalizando R$ 1,131 trilh\u00e3o.\u00a0<\/p>\n<\/div>\n<div class=\"mc-column content-text active-extra-styles\" data-block-type=\"raw\" data-block-weight=\"2\" data-block-id=\"14\">\n<div class=\"content-intertitle\">\n<h2>Previd\u00eancia Social<\/h2>\n<\/div>\n<\/div>\n<div class=\"mc-column content-text active-extra-styles \" data-block-type=\"unstyled\" data-block-weight=\"45\" data-block-id=\"15\">\n<p class=\"content-text__container \" data-track-category=\"Link no Texto\" data-track-links=\"\">De acordo com o Tesouro Nacional, o rombo da Previd\u00eancia Social (sistema p\u00fablico que atende aos trabalhadores do setor privado) avan\u00e7ou de R$ 142,8 bilh\u00f5es, de janeiro a novembro de 2016, para R$ 172,8 bilh\u00f5es no mesmo per\u00edodo deste ano, um aumento real de 17,2%.\u00a0<\/p>\n<\/div>\n<div class=\"mc-column content-text active-extra-styles \" data-block-type=\"unstyled\" data-block-weight=\"18\" data-block-id=\"17\">\n<p class=\"content-text__container \" data-track-category=\"Link no Texto\" data-track-links=\"\">Para 2017, a expectativa do governo \u00e9 de que o INSS registre resultado negativo de R$ 185,7 bilh\u00f5es.\u00a0<\/p>\n<p>Fonte: G1<\/p>\n<div><\/div>\n<\/div>\n<div class=\"mc-column content-text active-extra-styles\" data-block-type=\"raw\" data-block-weight=\"4\" data-block-id=\"18\">\n<div class=\"content-intertitle\"><\/div>\n<\/div>\n","protected":false},"excerpt":{"rendered":"<p>O governo registrou super\u00e1vit prim\u00e1rio de R$ 1,348 bilh\u00e3o em novembro deste ano, informou a Secretaria do Tesouro Nacional.\u00a0 O resultado \u00e9 o melhor para&#8230;<\/p>\n","protected":false},"author":1182,"featured_media":19738,"comment_status":"closed","ping_status":"closed","sticky":false,"template":"","format":"standard","meta":{"footnotes":""},"categories":[6],"tags":[],"class_list":["post-25718","post","type-post","status-publish","format-standard","has-post-thumbnail","hentry","category-noticias"],"_links":{"self":[{"href":"https:\/\/www.sincomam.org.br\/index.php\/wp-json\/wp\/v2\/posts\/25718","targetHints":{"allow":["GET"]}}],"collection":[{"href":"https:\/\/www.sincomam.org.br\/index.php\/wp-json\/wp\/v2\/posts"}],"about":[{"href":"https:\/\/www.sincomam.org.br\/index.php\/wp-json\/wp\/v2\/types\/post"}],"author":[{"embeddable":true,"href":"https:\/\/www.sincomam.org.br\/index.php\/wp-json\/wp\/v2\/users\/1182"}],"replies":[{"embeddable":true,"href":"https:\/\/www.sincomam.org.br\/index.php\/wp-json\/wp\/v2\/comments?post=25718"}],"version-history":[{"count":1,"href":"https:\/\/www.sincomam.org.br\/index.php\/wp-json\/wp\/v2\/posts\/25718\/revisions"}],"predecessor-version":[{"id":25719,"href":"https:\/\/www.sincomam.org.br\/index.php\/wp-json\/wp\/v2\/posts\/25718\/revisions\/25719"}],"wp:featuredmedia":[{"embeddable":true,"href":"https:\/\/www.sincomam.org.br\/index.php\/wp-json\/wp\/v2\/media\/19738"}],"wp:attachment":[{"href":"https:\/\/www.sincomam.org.br\/index.php\/wp-json\/wp\/v2\/media?parent=25718"}],"wp:term":[{"taxonomy":"category","embeddable":true,"href":"https:\/\/www.sincomam.org.br\/index.php\/wp-json\/wp\/v2\/categories?post=25718"},{"taxonomy":"post_tag","embeddable":true,"href":"https:\/\/www.sincomam.org.br\/index.php\/wp-json\/wp\/v2\/tags?post=25718"}],"curies":[{"name":"wp","href":"https:\/\/api.w.org\/{rel}","templated":true}]}}