{"id":25716,"date":"2017-12-27T00:00:00","date_gmt":"2017-12-27T02:00:00","guid":{"rendered":"http:\/\/www.sincomam.org.br\/?p=25716"},"modified":"2017-12-26T20:42:57","modified_gmt":"2017-12-26T22:42:57","slug":"os-possiveis-impactos-no-clima-do-planeta-com-a-volta-do-fenomeno-la-nina","status":"publish","type":"post","link":"https:\/\/www.sincomam.org.br\/index.php\/os-possiveis-impactos-no-clima-do-planeta-com-a-volta-do-fenomeno-la-nina\/","title":{"rendered":"Os poss\u00edveis impactos no clima do planeta com a volta do fen\u00f4meno La Ni\u00f1a"},"content":{"rendered":"<div class=\"mc-column content-text active-extra-styles active-capital-letter\" data-block-type=\"unstyled\" data-block-weight=\"19\" data-block-id=\"2\">\n<p class=\"content-text__container theme-color-primary-first-letter\" data-track-category=\"Link no Texto\" data-track-links=\"\">O Fen\u00f4meno clim\u00e1tico respons\u00e1vel por invernos pesados e grandes secas ao redor do mundo, o La Ni\u00f1a est\u00e1 de volta.\u00a0<\/p>\n<\/div>\n<div class=\"mc-column content-text active-extra-styles \" data-block-type=\"unstyled\" data-block-weight=\"24\" data-block-id=\"3\">\n<p class=\"content-text__container \" data-track-category=\"Link no Texto\" data-track-links=\"\">Seus efeitos ser\u00e3o sentidos por v\u00e1rios meses. E, segundo especialistas ouvidos pela BBC, trar\u00e1 tamb\u00e9m riscos de forma\u00e7\u00e3o de novos furac\u00f5es no oceano Atl\u00e2ntico. \u00a0A vers\u00e3o deste ano, observam, \u00e9 bastante at\u00edpica.\u00a0<\/p>\n<\/div>\n<div class=\"mc-column content-text active-extra-styles \" data-block-type=\"unstyled\" data-block-weight=\"53\" data-block-id=\"5\">\n<p class=\"content-text__container \" data-track-category=\"Link no Texto\" data-track-links=\"\">&#8220;Desta vez o La Ni\u00f1a chegou muito tarde, no outono (do Hemisf\u00e9rio Norte), e n\u00e3o est\u00e1 claro se continuar\u00e1 se intensificando ou se ir\u00e1 se enfraquecer ainda mais, como aconteceu no inverno passado&#8221;, diz William Patzert, do Laborat\u00f3rio de Propuls\u00e3o a Jato (JPL, na sigla em ingl\u00eas) da Nasa, a ag\u00eancia espacial americana.\u00a0<\/p>\n<\/div>\n<div class=\"mc-column content-text active-extra-styles \" data-block-type=\"unstyled\" data-block-weight=\"30\" data-block-id=\"6\">\n<p class=\"content-text__container \" data-track-category=\"Link no Texto\" data-track-links=\"\">Segundo Patzert, o fen\u00f4meno costuma aparecer no ver\u00e3o do Hemisf\u00e9rio Norte, intensificando-se no outono e no inverno. Neste ano, por\u00e9m, os primeiros efeitos come\u00e7aram a ser notados apenas em novembro.\u00a0<\/p>\n<\/div>\n<div class=\"mc-column content-text active-extra-styles \" data-block-type=\"unstyled\" data-block-weight=\"17\" data-block-id=\"7\">\n<p class=\"content-text__container \" data-track-category=\"Link no Texto\" data-track-links=\"\">Mas o que \u00e9 o La Ni\u00f1a e como os especialistas constatam que ele est\u00e1 novamente ativo?\u00a0<\/p>\n<\/div>\n<div class=\"mc-column content-text active-extra-styles\" data-block-type=\"raw\" data-block-weight=\"2\" data-block-id=\"8\">\n<div class=\"content-intertitle\">\n<h2>El Ni\u00f1o<\/h2>\n<\/div>\n<\/div>\n<div class=\"mc-column content-text active-extra-styles \" data-block-type=\"unstyled\" data-block-weight=\"36\" data-block-id=\"9\">\n<p class=\"content-text__container \" data-track-category=\"Link no Texto\" data-track-links=\"\">De acordo com Juan Carlos C\u00e1rdenas, meteorologista da empresa de progn\u00f3sticos clim\u00e1ticos The Weather Company, para entender o La Ni\u00f1a \u00e9 preciso explicar o fen\u00f4meno Enos (El Ni\u00f1o &#8211; Oscila\u00e7\u00e3o Sul), do qual ele faz parte.\u00a0<\/p>\n<\/div>\n<div class=\"mc-column content-media content-media--normal  content-photo\" data-block-type=\"backstage-photo\" data-block-id=\"10\">\n<div class=\"content-media__container\">\n<div class=\"content-media__image-centered\">\n<div class=\"progressive-img can-open-lightbox\" data-min-size=\"1008x567\" data-min-size-url=\"https:\/\/s2.glbimg.com\/nIGDUcsQOTH1WdDn-XRgzaaqYTY=\/0x0:976x549\/1008x0\/smart\/filters:strip_icc()\/i.s3.glbimg.com\/v1\/AUTH_59edd422c0c84a879bd37670ae4f538a\/internal_photos\/bs\/2017\/t\/z\/Ag65AVRbyWRvGgHA1kcg\/2-quando-o-el-nino-esta-ativo-a-agua-do-oceano-na-zona-equatorial-esta-mais-quente.jpg\" data-max-size=\"1600x900\" data-max-size-url=\"https:\/\/s2.glbimg.com\/MrXH9dq52SDMENpryBMED5ikArY=\/0x0:976x549\/1600x0\/smart\/filters:strip_icc()\/i.s3.glbimg.com\/v1\/AUTH_59edd422c0c84a879bd37670ae4f538a\/internal_photos\/bs\/2017\/t\/z\/Ag65AVRbyWRvGgHA1kcg\/2-quando-o-el-nino-esta-ativo-a-agua-do-oceano-na-zona-equatorial-esta-mais-quente.jpg\" data-media-index=\"1\">\n<div class=\"placeholder-container\">&#8220;O El Ni\u00f1o \u00e9 uma oscila\u00e7\u00e3o atmosf\u00e9rica que causa o enfraquecimento dos ventos al\u00edsios (que ocorrem nas regi\u00f5es subtropicais) no hemisf\u00e9rio sul do Pac\u00edfico. Esses ventos, quando s\u00e3o normais, arrastam as \u00e1guas superficiais desde a costa at\u00e9 o oceano, e isso faz com que as \u00e1guas geladas das profundidades surjam ali&#8221;, explica.\u00a0<\/div>\n<\/div>\n<\/div>\n<\/div>\n<\/div>\n<div class=\"mc-column content-text active-extra-styles \" data-block-type=\"unstyled\" data-block-weight=\"15\" data-block-id=\"13\">\n<p class=\"content-text__container \" data-track-category=\"Link no Texto\" data-track-links=\"\">Essa \u00e1gua gelada, diz, \u00e9 normal na zona equatorial da costa da Am\u00e9rica do Sul.\u00a0<\/p>\n<\/div>\n<div class=\"mc-column content-text active-extra-styles \" data-block-type=\"unstyled\" data-block-weight=\"31\" data-block-id=\"14\">\n<p class=\"content-text__container \" data-track-category=\"Link no Texto\" data-track-links=\"\">&#8220;Quando esses ventos al\u00edsios se enfraquecem, esse processo cessa, a \u00e1gua quente se acumula e se produz um aumento da superf\u00edcie do mar, principalmente na costa do Peru e do Equador.&#8221;\u00a0<\/p>\n<\/div>\n<div class=\"mc-column content-text active-extra-styles \" data-block-type=\"unstyled\" data-block-weight=\"34\" data-block-id=\"15\">\n<p class=\"content-text__container \" data-track-category=\"Link no Texto\" data-track-links=\"\">Quando esses ventos al\u00edsios s\u00e3o muito fortes e a subida das \u00e1guas geladas \u00e9 refor\u00e7ada na zona equatorial, acompanhada de uma temperatura do mar abaixo do normal, a\u00ed come\u00e7a a manifestar-se o La Ni\u00f1a.\u00a0<\/p>\n<\/div>\n<div class=\"mc-column content-text active-extra-styles \" data-block-type=\"unstyled\" data-block-weight=\"30\" data-block-id=\"16\">\n<p class=\"content-text__container \" data-track-category=\"Link no Texto\" data-track-links=\"\">C\u00e1rdenas comenta que tamb\u00e9m h\u00e1 a &#8220;zona neutra&#8221;, na qual nos encontr\u00e1vamos h\u00e1 pouco tempo, em que nenhum dos dois eventos est\u00e3o notavelmente ativos e as temperaturas permanecem na m\u00e9dia.\u00a0<\/p>\n<\/div>\n<div class=\"mc-column content-text active-extra-styles \" data-block-type=\"unstyled\" data-block-weight=\"19\" data-block-id=\"17\">\n<p class=\"content-text__container \" data-track-category=\"Link no Texto\" data-track-links=\"\">Ele acrescenta que, geralmente, os centros meteorol\u00f3gicos podem determinar com antecipa\u00e7\u00e3o quando a oscila\u00e7\u00e3o do sul mudar\u00e1 de sinal.\u00a0<\/p>\n<\/div>\n<div class=\"mc-column content-text active-extra-styles \" data-block-type=\"unstyled\" data-block-weight=\"30\" data-block-id=\"18\">\n<p class=\"content-text__container \" data-track-category=\"Link no Texto\" data-track-links=\"\">Um dos sintomas \u00e9 a diferen\u00e7a da press\u00e3o atmosf\u00e9rica e os ventos que est\u00e3o associados a ela. \u00c9 o primeiro sinal que aparece antes da mudan\u00e7a de temperatura do mar.<\/p>\n<p>Fonte: BBC<\/p>\n<\/div>\n","protected":false},"excerpt":{"rendered":"<p>O Fen\u00f4meno clim\u00e1tico respons\u00e1vel por invernos pesados e grandes secas ao redor do mundo, o La Ni\u00f1a est\u00e1 de volta.\u00a0 Seus efeitos ser\u00e3o sentidos por&#8230;<\/p>\n","protected":false},"author":1182,"featured_media":19483,"comment_status":"closed","ping_status":"closed","sticky":false,"template":"","format":"standard","meta":{"footnotes":""},"categories":[6],"tags":[],"class_list":["post-25716","post","type-post","status-publish","format-standard","has-post-thumbnail","hentry","category-noticias"],"_links":{"self":[{"href":"https:\/\/www.sincomam.org.br\/index.php\/wp-json\/wp\/v2\/posts\/25716","targetHints":{"allow":["GET"]}}],"collection":[{"href":"https:\/\/www.sincomam.org.br\/index.php\/wp-json\/wp\/v2\/posts"}],"about":[{"href":"https:\/\/www.sincomam.org.br\/index.php\/wp-json\/wp\/v2\/types\/post"}],"author":[{"embeddable":true,"href":"https:\/\/www.sincomam.org.br\/index.php\/wp-json\/wp\/v2\/users\/1182"}],"replies":[{"embeddable":true,"href":"https:\/\/www.sincomam.org.br\/index.php\/wp-json\/wp\/v2\/comments?post=25716"}],"version-history":[{"count":1,"href":"https:\/\/www.sincomam.org.br\/index.php\/wp-json\/wp\/v2\/posts\/25716\/revisions"}],"predecessor-version":[{"id":25717,"href":"https:\/\/www.sincomam.org.br\/index.php\/wp-json\/wp\/v2\/posts\/25716\/revisions\/25717"}],"wp:featuredmedia":[{"embeddable":true,"href":"https:\/\/www.sincomam.org.br\/index.php\/wp-json\/wp\/v2\/media\/19483"}],"wp:attachment":[{"href":"https:\/\/www.sincomam.org.br\/index.php\/wp-json\/wp\/v2\/media?parent=25716"}],"wp:term":[{"taxonomy":"category","embeddable":true,"href":"https:\/\/www.sincomam.org.br\/index.php\/wp-json\/wp\/v2\/categories?post=25716"},{"taxonomy":"post_tag","embeddable":true,"href":"https:\/\/www.sincomam.org.br\/index.php\/wp-json\/wp\/v2\/tags?post=25716"}],"curies":[{"name":"wp","href":"https:\/\/api.w.org\/{rel}","templated":true}]}}