{"id":25714,"date":"2017-12-28T00:00:48","date_gmt":"2017-12-28T02:00:48","guid":{"rendered":"http:\/\/www.sincomam.org.br\/?p=25714"},"modified":"2017-12-26T20:40:52","modified_gmt":"2017-12-26T22:40:52","slug":"vendas-do-natal-crescem-56-e-tem-melhor-resultado-desde-2011-diz-serasa-experian","status":"publish","type":"post","link":"https:\/\/www.sincomam.org.br\/index.php\/vendas-do-natal-crescem-56-e-tem-melhor-resultado-desde-2011-diz-serasa-experian\/","title":{"rendered":"Vendas do Natal crescem 5,6% e t\u00eam melhor resultado desde 2011, diz Serasa Experian"},"content":{"rendered":"<p>As vendas do com\u00e9rcio voltaram a crescer em 2017. Segundo o indicador da Serasa Experian, durante a semana de 18 a 24 de dezembro, as vendas subiram 5,6% em rela\u00e7\u00e3o ao mesmo per\u00edodo do ano anterior. O resultado reverteu tr\u00eas anos consecutivos de queda e registrou o melhor desempenho desde 2011.\u00a0<\/p>\n<div class=\"mc-column content-text active-extra-styles \" data-block-type=\"unstyled\" data-block-weight=\"38\" data-block-id=\"3\">\n<p class=\"content-text__container \" data-track-category=\"Link no Texto\" data-track-links=\"\">No final de semana do Natal (22 a 24 de dezembro), houve aumento de 0,8% em todo o pa\u00eds na compara\u00e7\u00e3o com o final de semana equivalente ao do ano anterior (16 a 18 de dezembro de 2016).\u00a0<\/p>\n<\/div>\n<div class=\"mc-column content-text active-extra-styles \" data-block-type=\"unstyled\" data-block-weight=\"39\" data-block-id=\"4\">\n<p class=\"content-text__container \" data-track-category=\"Link no Texto\" data-track-links=\"\">Na avalia\u00e7\u00e3o dos economistas da Serasa Experian, a recupera\u00e7\u00e3o da renda real dos consumidores, a melhora dos n\u00edveis de confian\u00e7a e a retomada da expans\u00e3o do cr\u00e9dito com a queda dos juros, estimularam as vendas do Natal de 2017.\u00a0<\/p>\n<\/div>\n<div data-track-category=\"fim do conteudo\" data-track-action=\"ultimo chunk conteudo\" data-track-noninteraction=\"false\" data-track-scroll=\"entrada completa viewport\">\n<div class=\"mc-column content-text active-extra-styles \" data-block-type=\"unstyled\" data-block-weight=\"34\" data-block-id=\"5\">\n<p class=\"content-text__container \" data-track-category=\"Link no Texto\" data-track-links=\"\">Em S\u00e3o Paulo, as vendas realizadas na semana do Natal subiram 5,2% frente \u00e0 mesma semana de 2016. No final de semana da data, o movimento foi 0,6% acima do mesmo per\u00edodo de 2016.<\/p>\n<p>Fonte: Valor<\/p>\n<\/div>\n<\/div>\n","protected":false},"excerpt":{"rendered":"<p>As vendas do com\u00e9rcio voltaram a crescer em 2017. Segundo o indicador da Serasa Experian, durante a semana de 18 a 24 de dezembro, as&#8230;<\/p>\n","protected":false},"author":1182,"featured_media":19010,"comment_status":"closed","ping_status":"closed","sticky":false,"template":"","format":"standard","meta":{"footnotes":""},"categories":[6],"tags":[],"class_list":["post-25714","post","type-post","status-publish","format-standard","has-post-thumbnail","hentry","category-noticias"],"_links":{"self":[{"href":"https:\/\/www.sincomam.org.br\/index.php\/wp-json\/wp\/v2\/posts\/25714","targetHints":{"allow":["GET"]}}],"collection":[{"href":"https:\/\/www.sincomam.org.br\/index.php\/wp-json\/wp\/v2\/posts"}],"about":[{"href":"https:\/\/www.sincomam.org.br\/index.php\/wp-json\/wp\/v2\/types\/post"}],"author":[{"embeddable":true,"href":"https:\/\/www.sincomam.org.br\/index.php\/wp-json\/wp\/v2\/users\/1182"}],"replies":[{"embeddable":true,"href":"https:\/\/www.sincomam.org.br\/index.php\/wp-json\/wp\/v2\/comments?post=25714"}],"version-history":[{"count":1,"href":"https:\/\/www.sincomam.org.br\/index.php\/wp-json\/wp\/v2\/posts\/25714\/revisions"}],"predecessor-version":[{"id":25715,"href":"https:\/\/www.sincomam.org.br\/index.php\/wp-json\/wp\/v2\/posts\/25714\/revisions\/25715"}],"wp:featuredmedia":[{"embeddable":true,"href":"https:\/\/www.sincomam.org.br\/index.php\/wp-json\/wp\/v2\/media\/19010"}],"wp:attachment":[{"href":"https:\/\/www.sincomam.org.br\/index.php\/wp-json\/wp\/v2\/media?parent=25714"}],"wp:term":[{"taxonomy":"category","embeddable":true,"href":"https:\/\/www.sincomam.org.br\/index.php\/wp-json\/wp\/v2\/categories?post=25714"},{"taxonomy":"post_tag","embeddable":true,"href":"https:\/\/www.sincomam.org.br\/index.php\/wp-json\/wp\/v2\/tags?post=25714"}],"curies":[{"name":"wp","href":"https:\/\/api.w.org\/{rel}","templated":true}]}}