{"id":25710,"date":"2017-12-27T00:35:51","date_gmt":"2017-12-27T02:35:51","guid":{"rendered":"http:\/\/www.sincomam.org.br\/?p=25710"},"modified":"2017-12-26T20:37:05","modified_gmt":"2017-12-26T22:37:05","slug":"feriados-2018-veja-a-lista-de-pontos-facultativos-e-feriados-nacionais","status":"publish","type":"post","link":"https:\/\/www.sincomam.org.br\/index.php\/feriados-2018-veja-a-lista-de-pontos-facultativos-e-feriados-nacionais\/","title":{"rendered":"Feriados 2018: veja a lista de pontos facultativos e feriados nacionais"},"content":{"rendered":"<p>O ano de 2018 ter\u00e1 nove feriados nacionais e cinco pontos facultativos, segundo portaria divulgada nesta ter\u00e7a-feira (26) pelo Minist\u00e9rio do Planejamento e publicada no &#8220;Di\u00e1rio Oficial da Uni\u00e3o&#8221;.\u00a0<\/p>\n<div class=\"mc-column content-text active-extra-styles \" data-block-type=\"unstyled\" data-block-weight=\"23\" data-block-id=\"2\">\n<p class=\"content-text__container \" data-track-category=\"Link no Texto\" data-track-links=\"\">Segundo o minist\u00e9rio, as datas dever\u00e3o ser observadas pelos \u00f3rg\u00e3os e entidades da administra\u00e7\u00e3o p\u00fablica federal direta, aut\u00e1rquica e fundacional do Poder Executivo.\u00a0<\/p>\n<\/div>\n<div class=\"mc-column content-text active-extra-styles \" data-block-type=\"unstyled\" data-block-weight=\"31\" data-block-id=\"3\">\n<p class=\"content-text__container \" data-track-category=\"Link no Texto\" data-track-links=\"\">O calend\u00e1rio n\u00e3o inclui como feriado datas tradicionais como o Carnaval (12 e 13 de fevereiro), que \u00e9 ponto facultativo, e Corpus Christi (31 de maio), tamb\u00e9m inclu\u00eddo como ponto facultativo.\u00a0<\/p>\n<\/div>\n<div class=\"mc-column content-text active-extra-styles \" data-block-type=\"unstyled\" data-block-weight=\"31\" data-block-id=\"4\">\n<p class=\"content-text__container \" data-track-category=\"Link no Texto\" data-track-links=\"\">De acordo com o Minist\u00e9rio do Planejamento, os dias de guarda dos credos e religi\u00f5es n\u00e3o relacionados na portaria poder\u00e3o ser compensados, desde que seja autorizado pelo respons\u00e1vel pela unidade administrativa.\u00a0<\/p>\n<\/div>\n<div class=\"mc-column content-text active-extra-styles\" data-block-type=\"raw\" data-block-weight=\"1\" data-block-id=\"5\">\n<div class=\"content-intertitle\">\n<h2><strong>Feriados<\/strong><\/h2>\n<\/div>\n<\/div>\n<div class=\"mc-column content-text active-extra-styles \" data-block-type=\"unstyled\" data-block-weight=\"8\" data-block-id=\"6\">\n<p class=\"content-text__container \" data-track-category=\"Link no Texto\" data-track-links=\"\">Confira a lista dos feriados nacionais de 2018:\u00a0<\/p>\n<\/div>\n<div class=\"mc-column content-text active-extra-styles\" data-block-type=\"raw\" data-block-weight=\"57\" data-block-id=\"7\">\n<ul class=\"content-unordered-list\">\n<li><strong>1 de janeiro (segunda)<\/strong>: Confraterniza\u00e7\u00e3o Universal<\/li>\n<li><strong>30 de mar\u00e7o (sexta)<\/strong>: Paix\u00e3o de Cristo<\/li>\n<li><strong>21 de abril (s\u00e1bado)<\/strong>: Tiradentes<\/li>\n<li><strong>1\u00ba de maio (ter\u00e7a)<\/strong>: Dia Mundial do Trabalho<\/li>\n<li><strong>7 de setembro (sexta)<\/strong>: Independ\u00eancia do Brasil<\/li>\n<li><strong>12 de outubro (sexta)<\/strong>: Nossa Senhora Aparecida<\/li>\n<li><strong>2 de novembro (sexta)<\/strong>: Finados<\/li>\n<li><strong>15 de novembro (quinta)<\/strong>: Proclama\u00e7\u00e3o da Rep\u00fablica<\/li>\n<li><strong>25 de dezembro (ter\u00e7a)<\/strong>: Natal<\/li>\n<\/ul>\n<\/div>\n<div class=\"mc-column content-text active-extra-styles\" data-block-type=\"raw\" data-block-weight=\"2\" data-block-id=\"8\">\n<div class=\"content-intertitle\">\n<h2>Ponto facultativo<\/h2>\n<\/div>\n<\/div>\n<div class=\"mc-column content-text active-extra-styles \" data-block-type=\"unstyled\" data-block-weight=\"14\" data-block-id=\"9\">\n<p class=\"content-text__container \" data-track-category=\"Link no Texto\" data-track-links=\"\">Confira as datas de 2018 em que o ponto ser\u00e1 facultativo nas reparti\u00e7\u00f5es federais:\u00a0<\/p>\n<\/div>\n<div data-track-category=\"fim do conteudo\" data-track-action=\"ultimo chunk conteudo\" data-track-noninteraction=\"false\" data-track-scroll=\"entrada completa viewport\">\n<div class=\"mc-column content-text active-extra-styles\" data-block-type=\"raw\" data-block-weight=\"36\" data-block-id=\"10\">\n<ul class=\"content-unordered-list\">\n<li><strong>12 de fevereiro (segunda):\u00a0<\/strong>Carnaval<\/li>\n<li><strong>13 de fevereiro (ter\u00e7a):\u00a0<\/strong>Carnaval<\/li>\n<li><strong>14 de fevereiro (quarta):<\/strong>\u00a0Quarta-feira de cinzas (ponto facultativo at\u00e9 as 14h)<\/li>\n<li><strong>31 de maio (quinta):<\/strong>\u00a0Corpus Christi<\/li>\n<li><strong>28 de outubro (domingo):<\/strong>\u00a0Dia do Servidor P\u00fablico<\/li>\n<\/ul>\n<p>Fonte: O Globo<\/p><\/div>\n<\/div>\n","protected":false},"excerpt":{"rendered":"<p>O ano de 2018 ter\u00e1 nove feriados nacionais e cinco pontos facultativos, segundo portaria divulgada nesta ter\u00e7a-feira (26) pelo Minist\u00e9rio do Planejamento e publicada no&#8230;<\/p>\n","protected":false},"author":1182,"featured_media":18713,"comment_status":"closed","ping_status":"closed","sticky":false,"template":"","format":"standard","meta":{"footnotes":""},"categories":[6],"tags":[],"class_list":["post-25710","post","type-post","status-publish","format-standard","has-post-thumbnail","hentry","category-noticias"],"_links":{"self":[{"href":"https:\/\/www.sincomam.org.br\/index.php\/wp-json\/wp\/v2\/posts\/25710","targetHints":{"allow":["GET"]}}],"collection":[{"href":"https:\/\/www.sincomam.org.br\/index.php\/wp-json\/wp\/v2\/posts"}],"about":[{"href":"https:\/\/www.sincomam.org.br\/index.php\/wp-json\/wp\/v2\/types\/post"}],"author":[{"embeddable":true,"href":"https:\/\/www.sincomam.org.br\/index.php\/wp-json\/wp\/v2\/users\/1182"}],"replies":[{"embeddable":true,"href":"https:\/\/www.sincomam.org.br\/index.php\/wp-json\/wp\/v2\/comments?post=25710"}],"version-history":[{"count":1,"href":"https:\/\/www.sincomam.org.br\/index.php\/wp-json\/wp\/v2\/posts\/25710\/revisions"}],"predecessor-version":[{"id":25711,"href":"https:\/\/www.sincomam.org.br\/index.php\/wp-json\/wp\/v2\/posts\/25710\/revisions\/25711"}],"wp:featuredmedia":[{"embeddable":true,"href":"https:\/\/www.sincomam.org.br\/index.php\/wp-json\/wp\/v2\/media\/18713"}],"wp:attachment":[{"href":"https:\/\/www.sincomam.org.br\/index.php\/wp-json\/wp\/v2\/media?parent=25710"}],"wp:term":[{"taxonomy":"category","embeddable":true,"href":"https:\/\/www.sincomam.org.br\/index.php\/wp-json\/wp\/v2\/categories?post=25710"},{"taxonomy":"post_tag","embeddable":true,"href":"https:\/\/www.sincomam.org.br\/index.php\/wp-json\/wp\/v2\/tags?post=25710"}],"curies":[{"name":"wp","href":"https:\/\/api.w.org\/{rel}","templated":true}]}}