{"id":25708,"date":"2017-12-27T00:12:19","date_gmt":"2017-12-27T02:12:19","guid":{"rendered":"http:\/\/www.sincomam.org.br\/?p=25708"},"modified":"2017-12-26T20:31:34","modified_gmt":"2017-12-26T22:31:34","slug":"iml-de-brasilia-diz-que-maluf-tem-doenca-grave-mas-presidio-pode-atende-lo","status":"publish","type":"post","link":"https:\/\/www.sincomam.org.br\/index.php\/iml-de-brasilia-diz-que-maluf-tem-doenca-grave-mas-presidio-pode-atende-lo\/","title":{"rendered":"IML de Bras\u00edlia diz que Maluf tem doen\u00e7a grave, mas pres\u00eddio pode atend\u00ea-lo"},"content":{"rendered":"<p>O Instituto de Medicina Legal (IML) de Bras\u00edlia emitiu um laudo no qual informou \u00e0 Vara de Execu\u00e7\u00f5es Penais (VEP) do Distrito Federal que Paulo Maluf<a href=\"http:\/\/g1.globo.com\/tudo-sobre\/paulo-maluf\">\u00a0<\/a>(PP-SP) tem doen\u00e7a grave, mas o pres\u00eddio onde ele est\u00e1 tem condi\u00e7\u00f5es de atend\u00ea-lo.\u00a0<\/p>\n<div class=\"mc-column content-text active-extra-styles \" data-block-type=\"unstyled\" data-block-weight=\"26\" data-block-id=\"3\">\n<p class=\"content-text__container \" data-track-category=\"Link no Texto\" data-track-links=\"\">Malu est\u00e1 preso em Bras\u00edlia, no Complexo Penitenci\u00e1rio da Papuda, desde a semana passada, quando foi transferido de S\u00e3o Paulo para a capital pela Pol\u00edcia Federal.\u00a0<\/p>\n<\/div>\n<div class=\"mc-column content-text active-extra-styles \" data-block-type=\"unstyled\" data-block-weight=\"35\" data-block-id=\"4\">\n<p class=\"content-text__container \" data-track-category=\"Link no Texto\" data-track-links=\"\">A defesa, por\u00e9m, alega que Maluf \u00a0sofre de problemas de sa\u00fade\u00a0como c\u00e2ncer de pr\u00f3stata, h\u00e9rnia de disco, problemas card\u00edacos e movimentos limitados. Por isso, pede que o deputado cumpra a pena em pris\u00e3o domiciliar.\u00a0<\/p>\n<\/div>\n<div class=\"mc-column content-text active-extra-styles \" data-block-type=\"unstyled\" data-block-weight=\"44\" data-block-id=\"5\">\n<p class=\"content-text__container \" data-track-category=\"Link no Texto\" data-track-links=\"\">O laudo do IML foi enviado na \u00faltima sexta (22) \u00e0 Vara de Execu\u00e7\u00f5es Penais e servir\u00e1 de base para a Justi\u00e7a decidir definitivamente sobre o pedido de Maluf para cumprir a pris\u00e3o domiciliar &#8211; o pedido j\u00e1 foi negado, mas pode ser reavaliado.<\/p>\n<p>Fonte: G1<\/p>\n<\/div>\n","protected":false},"excerpt":{"rendered":"<p>O Instituto de Medicina Legal (IML) de Bras\u00edlia emitiu um laudo no qual informou \u00e0 Vara de Execu\u00e7\u00f5es Penais (VEP) do Distrito Federal que Paulo&#8230;<\/p>\n","protected":false},"author":1182,"featured_media":19109,"comment_status":"closed","ping_status":"closed","sticky":false,"template":"","format":"standard","meta":{"footnotes":""},"categories":[6],"tags":[],"class_list":["post-25708","post","type-post","status-publish","format-standard","has-post-thumbnail","hentry","category-noticias"],"_links":{"self":[{"href":"https:\/\/www.sincomam.org.br\/index.php\/wp-json\/wp\/v2\/posts\/25708","targetHints":{"allow":["GET"]}}],"collection":[{"href":"https:\/\/www.sincomam.org.br\/index.php\/wp-json\/wp\/v2\/posts"}],"about":[{"href":"https:\/\/www.sincomam.org.br\/index.php\/wp-json\/wp\/v2\/types\/post"}],"author":[{"embeddable":true,"href":"https:\/\/www.sincomam.org.br\/index.php\/wp-json\/wp\/v2\/users\/1182"}],"replies":[{"embeddable":true,"href":"https:\/\/www.sincomam.org.br\/index.php\/wp-json\/wp\/v2\/comments?post=25708"}],"version-history":[{"count":1,"href":"https:\/\/www.sincomam.org.br\/index.php\/wp-json\/wp\/v2\/posts\/25708\/revisions"}],"predecessor-version":[{"id":25709,"href":"https:\/\/www.sincomam.org.br\/index.php\/wp-json\/wp\/v2\/posts\/25708\/revisions\/25709"}],"wp:featuredmedia":[{"embeddable":true,"href":"https:\/\/www.sincomam.org.br\/index.php\/wp-json\/wp\/v2\/media\/19109"}],"wp:attachment":[{"href":"https:\/\/www.sincomam.org.br\/index.php\/wp-json\/wp\/v2\/media?parent=25708"}],"wp:term":[{"taxonomy":"category","embeddable":true,"href":"https:\/\/www.sincomam.org.br\/index.php\/wp-json\/wp\/v2\/categories?post=25708"},{"taxonomy":"post_tag","embeddable":true,"href":"https:\/\/www.sincomam.org.br\/index.php\/wp-json\/wp\/v2\/tags?post=25708"}],"curies":[{"name":"wp","href":"https:\/\/api.w.org\/{rel}","templated":true}]}}