{"id":25703,"date":"2017-12-22T00:30:55","date_gmt":"2017-12-22T02:30:55","guid":{"rendered":"http:\/\/sincomam.org.br\/?p=25703"},"modified":"2017-12-21T18:30:00","modified_gmt":"2017-12-21T20:30:00","slug":"barroso-libera-para-julgamento-acao-da-pgr-que-questiona-reforma-trabalhista","status":"publish","type":"post","link":"https:\/\/www.sincomam.org.br\/index.php\/barroso-libera-para-julgamento-acao-da-pgr-que-questiona-reforma-trabalhista\/","title":{"rendered":"Barroso libera para julgamento a\u00e7\u00e3o da PGR que questiona reforma trabalhista"},"content":{"rendered":"<p><span><span>O ministro Lu\u00eds Roberto Barroso, do Supremo Tribunal Federal (STF), liberou para julgamento uma a\u00e7\u00e3o da Procuradoria-Geral da Rep\u00fablica (PGR) que questiona dispositivos da reforma trabalhista.<br \/><\/span><\/span><\/p>\n<p>A a\u00e7\u00e3o foi ajuizada pelo ent\u00e3o procurador-geral da Rep\u00fablica, Rodrigo Janot, em agosto deste ano. Agora caber\u00e1 \u00e0 presidente do STF, ministra C\u00e1rmen L\u00facia, decidir quando o caso ser\u00e1 analisado pelo plen\u00e1rio da Corte.<\/p>\n<div id=\"aep-placement-5a1700b1e62fcf00048a6cf3\" class=\" aep-inline aep-ads aep-design-5a15a8ef742623000475b7e5\">\n<div id=\"istoe-dinheiro-inline-879x284\" adm-controller=\"Pushdown\">\n<div class=\"adm-header\">\n<p>Para a PGR, as novas normas da reforma trabalhista violam garantias constitucionais de amplo acesso \u00e0 Justi\u00e7a, com \u201cintensa\u201d desregulamenta\u00e7\u00e3o da prote\u00e7\u00e3o social do trabalho e redu\u00e7\u00e3o de direitos materiais dos trabalhadores.<\/p>\n<div class=\"hwymftkr\">\n<p>Um dos dispositivos questionados \u00e9 o que responsabiliza a parte vencida pelo pagamento de honor\u00e1rios periciais, ainda que benefici\u00e1ria da justi\u00e7a gratuita.<\/p>\n<p>Na a\u00e7\u00e3o, a PGR alega que na \u201ccontram\u00e3o dos movimentos democr\u00e1ticos que consolidaram essas garantias de amplo e igualit\u00e1rio acesso \u00e0 Justi\u00e7a\u201d, as normas \u201cinviabilizam ao trabalhador economicamente desfavorecido assumir os riscos naturais de demanda trabalhista e imp\u00f5e-lhe pagamento de custas e despesas processuais de sucumb\u00eancia com uso de cr\u00e9ditos trabalhistas auferidos no processo, de natureza alimentar, em preju\u00edzo do sustento pr\u00f3prio e do de sua fam\u00edlia\u201d.<\/p>\n<p>Fonte: Isto \u00c9 Dinheiro<\/p>\n<\/div>\n<\/div>\n<\/div>\n<\/div>\n","protected":false},"excerpt":{"rendered":"<p>O ministro Lu\u00eds Roberto Barroso, do Supremo Tribunal Federal (STF), liberou para julgamento uma a\u00e7\u00e3o da Procuradoria-Geral da Rep\u00fablica (PGR) que questiona dispositivos da reforma&#8230;<\/p>\n","protected":false},"author":1182,"featured_media":17785,"comment_status":"closed","ping_status":"closed","sticky":false,"template":"","format":"standard","meta":{"footnotes":""},"categories":[6],"tags":[],"class_list":["post-25703","post","type-post","status-publish","format-standard","has-post-thumbnail","hentry","category-noticias"],"_links":{"self":[{"href":"https:\/\/www.sincomam.org.br\/index.php\/wp-json\/wp\/v2\/posts\/25703","targetHints":{"allow":["GET"]}}],"collection":[{"href":"https:\/\/www.sincomam.org.br\/index.php\/wp-json\/wp\/v2\/posts"}],"about":[{"href":"https:\/\/www.sincomam.org.br\/index.php\/wp-json\/wp\/v2\/types\/post"}],"author":[{"embeddable":true,"href":"https:\/\/www.sincomam.org.br\/index.php\/wp-json\/wp\/v2\/users\/1182"}],"replies":[{"embeddable":true,"href":"https:\/\/www.sincomam.org.br\/index.php\/wp-json\/wp\/v2\/comments?post=25703"}],"version-history":[{"count":1,"href":"https:\/\/www.sincomam.org.br\/index.php\/wp-json\/wp\/v2\/posts\/25703\/revisions"}],"predecessor-version":[{"id":25704,"href":"https:\/\/www.sincomam.org.br\/index.php\/wp-json\/wp\/v2\/posts\/25703\/revisions\/25704"}],"wp:featuredmedia":[{"embeddable":true,"href":"https:\/\/www.sincomam.org.br\/index.php\/wp-json\/wp\/v2\/media\/17785"}],"wp:attachment":[{"href":"https:\/\/www.sincomam.org.br\/index.php\/wp-json\/wp\/v2\/media?parent=25703"}],"wp:term":[{"taxonomy":"category","embeddable":true,"href":"https:\/\/www.sincomam.org.br\/index.php\/wp-json\/wp\/v2\/categories?post=25703"},{"taxonomy":"post_tag","embeddable":true,"href":"https:\/\/www.sincomam.org.br\/index.php\/wp-json\/wp\/v2\/tags?post=25703"}],"curies":[{"name":"wp","href":"https:\/\/api.w.org\/{rel}","templated":true}]}}