{"id":25701,"date":"2017-12-22T00:23:58","date_gmt":"2017-12-22T02:23:58","guid":{"rendered":"http:\/\/sincomam.org.br\/?p=25701"},"modified":"2017-12-21T18:27:48","modified_gmt":"2017-12-21T20:27:48","slug":"boeing-negocia-compra-da-embraer-diz-jornal","status":"publish","type":"post","link":"https:\/\/www.sincomam.org.br\/index.php\/boeing-negocia-compra-da-embraer-diz-jornal\/","title":{"rendered":"Boeing negocia compra da Embraer, diz jornal"},"content":{"rendered":"<p><span><span>A fabricante de avi\u00f5es americana Boeing realizou reuni\u00f5es com a brasileira Embraer para discutir a aquisi\u00e7\u00e3o da empresa, uma medida que fortaleceria o bra\u00e7o da Boeing no mercado de avia\u00e7\u00e3o regional e ajudaria a conter um recente movimento similar realizado pela Airbus, segundo not\u00edcia publicada pelo The Wall Street Journal, citando fontes pr\u00f3ximas \u00e0 negocia\u00e7\u00e3o.<\/p>\n<p><span>De acordo com a reportagem, a Boeing e a Embraer estariam discutindo um acordo que envolveria um pr\u00eamio relativamente alto para a Embraer, que tem um valor de mercado de aproximadamente US$ 3,7 bilh\u00f5es. As conversas est\u00e3o em compasso de espera, \u00e0 medida que as empresas esperam uma resposta do governo brasileiro sobre o tema.<br \/><\/span><\/span><\/span><\/p>\n<div class=\"general\">\n<div class=\"box-content\">\n<div class=\"theiaStickySidebar\"><main class=\"content\"><\/p>\n<section class=\"section-materia\">\n<div class=\"main-content\">\n<article>\n<div class=\"content-section content\">\n<p>A aprova\u00e7\u00e3o do governo do Brasil seria necess\u00e1ria, j\u00e1 que o Estado \u00e9 dono de parte da Embraer, o que daria poder de veto sobre a negocia\u00e7\u00e3o.<\/p>\n<p>A Embraer \u00e9 considerada a \u201cjoia da coroa\u201d da ind\u00fastria brasileira, e nada garante que o governo brasileiro v\u00e1 concordar com a opera\u00e7\u00e3o; por isso, h\u00e1 uma probabilidade muito grande, maior do que em uma negocia\u00e7\u00e3o de fus\u00e3o comum, de que n\u00e3o haver\u00e1 nenhum tipo de acordo. Al\u00e9m disso, algumas das fontes que conversaram com a reportagem do The Wall Street Journal alertaram que \u00e9 muito improv\u00e1vel que as negocia\u00e7\u00f5es voltem a ocorrer.<\/p>\n<p>Para ajudar a atrair o governo brasileiro, a Boeing est\u00e1 disposta a tomar medidas para proteger a marca da Embraer, sua gest\u00e3o e empregos, segundo uma das fontes. A Boeing tamb\u00e9m estaria disposta a estruturar um acordo de uma forma que protegeria os interesses do governo em rela\u00e7\u00e3o aos neg\u00f3cios ligados ao setor de defesa.<\/p>\n<p>A not\u00edcia fez as a\u00e7\u00f5es da Embraer dispararem e entrarem em leil\u00e3o na Bolsa de Valores de S\u00e3o Paulo (Bovespa). <\/p>\n<p>Fonte: Dow Jones Newswires<\/p>\n<\/div>\n<\/article>\n<\/div>\n<\/section>\n<p><\/main><\/div>\n<\/div>\n<\/div>\n","protected":false},"excerpt":{"rendered":"<p>A fabricante de avi\u00f5es americana Boeing realizou reuni\u00f5es com a brasileira Embraer para discutir a aquisi\u00e7\u00e3o da empresa, uma medida que fortaleceria o bra\u00e7o da&#8230;<\/p>\n","protected":false},"author":1182,"featured_media":4685,"comment_status":"closed","ping_status":"closed","sticky":false,"template":"","format":"standard","meta":{"footnotes":""},"categories":[6],"tags":[],"class_list":["post-25701","post","type-post","status-publish","format-standard","has-post-thumbnail","hentry","category-noticias"],"_links":{"self":[{"href":"https:\/\/www.sincomam.org.br\/index.php\/wp-json\/wp\/v2\/posts\/25701","targetHints":{"allow":["GET"]}}],"collection":[{"href":"https:\/\/www.sincomam.org.br\/index.php\/wp-json\/wp\/v2\/posts"}],"about":[{"href":"https:\/\/www.sincomam.org.br\/index.php\/wp-json\/wp\/v2\/types\/post"}],"author":[{"embeddable":true,"href":"https:\/\/www.sincomam.org.br\/index.php\/wp-json\/wp\/v2\/users\/1182"}],"replies":[{"embeddable":true,"href":"https:\/\/www.sincomam.org.br\/index.php\/wp-json\/wp\/v2\/comments?post=25701"}],"version-history":[{"count":1,"href":"https:\/\/www.sincomam.org.br\/index.php\/wp-json\/wp\/v2\/posts\/25701\/revisions"}],"predecessor-version":[{"id":25702,"href":"https:\/\/www.sincomam.org.br\/index.php\/wp-json\/wp\/v2\/posts\/25701\/revisions\/25702"}],"wp:featuredmedia":[{"embeddable":true,"href":"https:\/\/www.sincomam.org.br\/index.php\/wp-json\/wp\/v2\/media\/4685"}],"wp:attachment":[{"href":"https:\/\/www.sincomam.org.br\/index.php\/wp-json\/wp\/v2\/media?parent=25701"}],"wp:term":[{"taxonomy":"category","embeddable":true,"href":"https:\/\/www.sincomam.org.br\/index.php\/wp-json\/wp\/v2\/categories?post=25701"},{"taxonomy":"post_tag","embeddable":true,"href":"https:\/\/www.sincomam.org.br\/index.php\/wp-json\/wp\/v2\/tags?post=25701"}],"curies":[{"name":"wp","href":"https:\/\/api.w.org\/{rel}","templated":true}]}}