{"id":25695,"date":"2017-12-22T00:07:05","date_gmt":"2017-12-22T02:07:05","guid":{"rendered":"http:\/\/sincomam.org.br\/?p=25695"},"modified":"2017-12-21T18:08:54","modified_gmt":"2017-12-21T20:08:54","slug":"maluf-passou-a-noite-em-cela-de-12-metros-quadrados-na-pf-de-sp","status":"publish","type":"post","link":"https:\/\/www.sincomam.org.br\/index.php\/maluf-passou-a-noite-em-cela-de-12-metros-quadrados-na-pf-de-sp\/","title":{"rendered":"Maluf passou a noite em cela de 12 metros quadrados na PF de SP"},"content":{"rendered":"<div class=\"mc-column content-text active-extra-styles active-capital-letter\" data-block-type=\"unstyled\" data-block-weight=\"48\" data-block-id=\"2\">\n<p class=\"content-text__container theme-color-primary-first-letter\" data-track-category=\"Link no Texto\" data-track-links=\"\">deputado federal Paulo Maluf (PP) passou a noite sozinho em uma cela, de cerca de 12 metros quadrados, da Pol\u00edcia Federal em S\u00e3o Paulo, na Lapa, na Zona Oeste de S\u00e3o Paulo. Ele est\u00e1 na mesma ala carcer\u00e1ria dos irm\u00e3os Wesley e Joesley Batista, no terceiro andar.<\/p>\n<\/div>\n<div class=\"mc-column content-text active-extra-styles \" data-block-type=\"unstyled\" data-block-weight=\"43\" data-block-id=\"3\">\n<p class=\"content-text__container \" data-track-category=\"Link no Texto\" data-track-links=\"\">O ex-prefeito de S\u00e3o Paulo est\u00e1 preso em uma cela<span>\u00a0<\/span>com m\u00f3veis de concreto: um beliche, uma mesa e um banco. A cela tamb\u00e9m possui um vaso sanit\u00e1rio e um chuveiro. Por enquanto, Maluf n\u00e3o pode receber visitas de familiares, apenas dos advogados.<\/p>\n<\/div>\n<div class=\"mc-column content-text active-extra-styles \" data-block-type=\"unstyled\" data-block-weight=\"55\" data-block-id=\"4\">\n<p class=\"content-text__container \" data-track-category=\"Link no Texto\" data-track-links=\"\">\u00c0s 8h ele recebeu o caf\u00e9 da manh\u00e3 e \u00e0s 10h teria direito ao banho de sol. No entanto, como chove em S\u00e3o Paulo, n\u00e3o h\u00e1 confirma\u00e7\u00e3o que ele tenha sa\u00eddo da cela. Apesar de estar sozinho em uma cela, Maluf tem acesso as \u00e1reas comuns, de livre circula\u00e7\u00e3o, onde tem contato com outros detentos.<\/p>\n<\/div>\n<div class=\"mc-column content-text active-extra-styles \" data-block-type=\"unstyled\" data-block-weight=\"21\" data-block-id=\"5\">\n<p class=\"content-text__container \" data-track-category=\"Link no Texto\" data-track-links=\"\">De acordo com os defensores, ainda n\u00e3o saiu uma defini\u00e7\u00e3o sobre a transfer\u00eancia para o CDP da Papuda no Distrito Federal.<\/p>\n<\/div>\n<div class=\"mc-column content-media content-media--normal  content-photo\" data-block-type=\"backstage-photo\" data-block-id=\"6\">\n<div class=\"content-media__container\">\n<div class=\"content-media__image-centered\">\n<div class=\"progressive-img can-open-lightbox\" data-min-size=\"1008x631\" data-min-size-url=\"https:\/\/s2.glbimg.com\/zHq_aGsnN_L1U2dODMjPSp-ww94=\/0x0:1700x1065\/1008x0\/smart\/filters:strip_icc()\/i.s3.glbimg.com\/v1\/AUTH_59edd422c0c84a879bd37670ae4f538a\/internal_photos\/bs\/2017\/6\/Z\/RBLO08TFWGCyKo0IfxTg\/cela-maluf.jpg\" data-max-size=\"1600x1002\" data-max-size-url=\"https:\/\/s2.glbimg.com\/Wx75y3Vg8FP3oLUqxu7C7iBNtnA=\/0x0:1700x1065\/1600x0\/smart\/filters:strip_icc()\/i.s3.glbimg.com\/v1\/AUTH_59edd422c0c84a879bd37670ae4f538a\/internal_photos\/bs\/2017\/6\/Z\/RBLO08TFWGCyKo0IfxTg\/cela-maluf.jpg\" data-media-index=\"0\"><picture itemscope=\"\" itemtype=\"http:\/\/schema.org\/ImageObject\">Pris\u00e3o<\/picture><\/div>\n<\/div>\n<\/div>\n<\/div>\n<div class=\"mc-column content-text active-extra-styles \" data-block-type=\"unstyled\" data-block-weight=\"38\" data-block-id=\"8\">\n<p class=\"content-text__container \" data-track-category=\"Link no Texto\" data-track-links=\"\">Maluf se entregou na quarta-feira (20), um dia ap\u00f3s o STF determinar o in\u00edcio do cumprimento da pena 7 anos, 9 meses e 10 dias de pris\u00e3o. Maluf aguarda transfer\u00eancia para Bras\u00edlia, ainda sem data definida para acontecer.<\/p>\n<\/div>\n<div class=\"mc-column content-text active-extra-styles \" data-block-type=\"unstyled\" data-block-weight=\"31\" data-block-id=\"10\">\n<p class=\"content-text__container \" data-track-category=\"Link no Texto\" data-track-links=\"\">A defesa de Maluf entrou com uma peti\u00e7\u00e3o para que a ordem que determinou o cumprimento da<span>\u00a0pena seja suspensa<\/span>. Os advogados solicitam que o deputado tenha, ao menos, o benef\u00edcio da pris\u00e3o domiciliar. Eles citam a idade de Maluf &#8211; 86 anos &#8211; e doen\u00e7as que o deputado teria, como c\u00e2ncer de pr\u00f3stata, problema card\u00edaco e h\u00e9rnia de disco.<\/p>\n<\/div>\n","protected":false},"excerpt":{"rendered":"<p>deputado federal Paulo Maluf (PP) passou a noite sozinho em uma cela, de cerca de 12 metros quadrados, da Pol\u00edcia Federal em S\u00e3o Paulo, na&#8230;<\/p>\n","protected":false},"author":1182,"featured_media":19109,"comment_status":"closed","ping_status":"closed","sticky":false,"template":"","format":"standard","meta":{"footnotes":""},"categories":[6],"tags":[],"class_list":["post-25695","post","type-post","status-publish","format-standard","has-post-thumbnail","hentry","category-noticias"],"_links":{"self":[{"href":"https:\/\/www.sincomam.org.br\/index.php\/wp-json\/wp\/v2\/posts\/25695","targetHints":{"allow":["GET"]}}],"collection":[{"href":"https:\/\/www.sincomam.org.br\/index.php\/wp-json\/wp\/v2\/posts"}],"about":[{"href":"https:\/\/www.sincomam.org.br\/index.php\/wp-json\/wp\/v2\/types\/post"}],"author":[{"embeddable":true,"href":"https:\/\/www.sincomam.org.br\/index.php\/wp-json\/wp\/v2\/users\/1182"}],"replies":[{"embeddable":true,"href":"https:\/\/www.sincomam.org.br\/index.php\/wp-json\/wp\/v2\/comments?post=25695"}],"version-history":[{"count":1,"href":"https:\/\/www.sincomam.org.br\/index.php\/wp-json\/wp\/v2\/posts\/25695\/revisions"}],"predecessor-version":[{"id":25696,"href":"https:\/\/www.sincomam.org.br\/index.php\/wp-json\/wp\/v2\/posts\/25695\/revisions\/25696"}],"wp:featuredmedia":[{"embeddable":true,"href":"https:\/\/www.sincomam.org.br\/index.php\/wp-json\/wp\/v2\/media\/19109"}],"wp:attachment":[{"href":"https:\/\/www.sincomam.org.br\/index.php\/wp-json\/wp\/v2\/media?parent=25695"}],"wp:term":[{"taxonomy":"category","embeddable":true,"href":"https:\/\/www.sincomam.org.br\/index.php\/wp-json\/wp\/v2\/categories?post=25695"},{"taxonomy":"post_tag","embeddable":true,"href":"https:\/\/www.sincomam.org.br\/index.php\/wp-json\/wp\/v2\/tags?post=25695"}],"curies":[{"name":"wp","href":"https:\/\/api.w.org\/{rel}","templated":true}]}}