{"id":25693,"date":"2017-12-22T00:05:16","date_gmt":"2017-12-22T02:05:16","guid":{"rendered":"http:\/\/sincomam.org.br\/?p=25693"},"modified":"2017-12-21T18:06:57","modified_gmt":"2017-12-21T20:06:57","slug":"ipca-15-indica-que-inflacao-fechou-2017-em-294-a-mais-baixa-desde-1998","status":"publish","type":"post","link":"https:\/\/www.sincomam.org.br\/index.php\/ipca-15-indica-que-inflacao-fechou-2017-em-294-a-mais-baixa-desde-1998\/","title":{"rendered":"IPCA-15 indica que infla\u00e7\u00e3o fechou 2017 em 2,94%, a mais baixa desde 1998"},"content":{"rendered":"<p>O\u00a0<span><span>\u00cdndice Nacional de Pre\u00e7os ao Consumidor Amplo 15 (IPCA-15), que \u00e9 uma pr\u00e9via da infla\u00e7\u00e3o oficial, voltou a avan\u00e7ar no \u00faltimo m\u00eas do ano, passando de 0,32% em novembro para 0,35%, em dezembro. Com isso, o \u00edndice acumulou, em 2017, alta de 2,94%, a menor desde 1998, quando havia registrado 1,66%, segundo informou o Instituto Brasileiro de Geografia e Estat\u00edstica (IBGE).<\/p>\n<p>Se fechar o ano perto desse valor, a infla\u00e7\u00e3o vai ficar abaixo do piso da meta do governo, que \u00e9 de 3%. No \u00faltimo relat\u00f3rio, os economistas entrevistados pelo Banco Central previram que o IPCA vai chegar a 2,83% no final de dezembro, praticamente o mesmo valor que est\u00e1 no relat\u00f3rio do BC divulgado nesta quinta-feira, de 2,8%.<br \/><\/span><\/span><\/p>\n<article itemprop=\"articleBody\">\n<div class=\"mc-column content-text active-extra-styles \" data-block-type=\"unstyled\" data-block-weight=\"31\" data-block-id=\"3\">\n<p class=\"content-text__container \" data-track-category=\"Link no Texto\" data-track-links=\"\">No ano, o grupo de alimentos e bebidas registrou a maior queda, de 2,15%, entre todos os tipos de despesa analisadas. Artigos de resid\u00eancia tamb\u00e9m registraram defla\u00e7\u00e3o de pre\u00e7os, de 1,51%.<\/p>\n<\/div>\n<div class=\"mc-column content-text active-extra-styles \" data-block-type=\"unstyled\" data-block-weight=\"12\" data-block-id=\"4\">\n<p class=\"content-text__container \" data-track-category=\"Link no Texto\" data-track-links=\"\"><strong>Veja a varia\u00e7\u00e3o dos outros grupos que comp\u00f5em o c\u00e1lculo do IPCA:<\/strong><\/p>\n<\/div>\n<div class=\"mc-column content-text active-extra-styles\" data-block-type=\"raw\" data-block-weight=\"18\" data-block-id=\"5\">\n<ul class=\"content-unordered-list\">\n<li>Habita\u00e7\u00e3o: 6,15%<\/li>\n<li>Vestu\u00e1rio: 2,55%<\/li>\n<li>Transportes: 4,31%<\/li>\n<li>Sa\u00fade e cuidados pessoais: 6,68%<\/li>\n<li>Despesas pessoais: 4,75%<\/li>\n<li>Educa\u00e7\u00e3o: 6,96%<\/li>\n<li>Comunica\u00e7\u00e3o: 1,5%<\/li>\n<\/ul>\n<\/div>\n<div class=\"mc-column content-text active-extra-styles \" data-block-type=\"unstyled\" data-block-weight=\"36\" data-block-id=\"6\">\n<p class=\"content-text__container \" data-track-category=\"Link no Texto\" data-track-links=\"\">Entre as capitais, a infla\u00e7\u00e3o pesou mais no bolso dos consumidores de Bras\u00edlia, onde os pre\u00e7os subiram 3,74% no ano. Por outro lado, em Bel\u00e9m, o IPCA subiu avan\u00e7ou menos do que nas outras cidades: 1,47%.<\/p>\n<\/div>\n<div class=\"mc-column content-text active-extra-styles\" data-block-type=\"raw\" data-block-weight=\"2\" data-block-id=\"7\">\n<div class=\"content-intertitle\">\n<h2>No m\u00eas<\/h2>\n<\/div>\n<\/div>\n<div class=\"mc-column content-text active-extra-styles \" data-block-type=\"unstyled\" data-block-weight=\"50\" data-block-id=\"8\">\n<p class=\"content-text__container \" data-track-category=\"Link no Texto\" data-track-links=\"\">De novembro para dezembro, a queda de pre\u00e7os do grupo de alimenta\u00e7\u00e3o e bebidas perdeu for\u00e7a: de &#8211; 0,25% para &#8211; 0,02%, assim como os de artigos de resid\u00eancia, de -0,35% para -0,27%. Avan\u00e7aram os pre\u00e7os de transportes: de 0,27% para 1,16%, e de despesas pessoais, de 0,43% para 0,44%.<\/p>\n<\/div>\n<div class=\"mc-column content-text active-extra-styles \" data-block-type=\"unstyled\" data-block-weight=\"28\" data-block-id=\"10\">\n<p class=\"content-text__container \" data-track-category=\"Link no Texto\" data-track-links=\"\">Ficaram mais baratos feij\u00e3o-carioca (-5,02%), batata-inglesa (-3,75%), tomate (-2,88%), frutas (-1,40%) e carnes industrializadas (-1,29%). Tamb\u00e9m recuaram os pre\u00e7os de TV, som e inform\u00e1tica (-1,61%) e eletrodom\u00e9sticos (-0,51%).<\/p>\n<\/div>\n<div class=\"mc-column content-text active-extra-styles \" data-block-type=\"unstyled\" data-block-weight=\"37\" data-block-id=\"11\">\n<p class=\"content-text__container \" data-track-category=\"Link no Texto\" data-track-links=\"\">Entre as altas de pre\u00e7os est\u00e1 a da gasolina (2,75%), da energia el\u00e9trica (0,77%), do g\u00e1s de botij\u00e3o (0,80%), da taxa de \u00e1gua e esgoto (0,92%), das passagens a\u00e9reas (22,34%), etanol (4,34%) e plano de sa\u00fade (1,06%).<\/p>\n<\/div>\n<div class=\"mc-column content-text active-extra-styles \" data-block-type=\"unstyled\" data-block-weight=\"12\" data-block-id=\"12\">\n<p class=\"content-text__container \" data-track-category=\"Link no Texto\" data-track-links=\"\"><strong>Veja a varia\u00e7\u00e3o dos outros grupos que comp\u00f5em o c\u00e1lculo do IPCA:<\/strong><\/p>\n<\/div>\n<div data-track-category=\"fim do conteudo\" data-track-action=\"ultimo chunk conteudo\" data-track-noninteraction=\"false\" data-track-scroll=\"entrada completa viewport\">\n<div class=\"mc-column content-text active-extra-styles\" data-block-type=\"raw\" data-block-weight=\"33\" data-block-id=\"13\">\n<ul class=\"content-unordered-list\">\n<li>Habita\u00e7\u00e3o: de 1,33% para 0,43%<\/li>\n<li>Vestu\u00e1rio: mantido em 0,32%<\/li>\n<li>Sa\u00fade e Cuidados Pessoais: de 0,51% para 0,27%<\/li>\n<li>Despesas Pessoais: de 0,43% para 0,44%<\/li>\n<li>Educa\u00e7\u00e3o: de 0,01% para 0,03%<\/li>\n<li>Comunica\u00e7\u00e3o: de 0,28% a -0,26%<\/li>\n<\/ul>\n<p>Fonte: Exame<\/p><\/div>\n<\/div>\n<\/article>\n<div class=\"mc-column entities\"><\/div>\n","protected":false},"excerpt":{"rendered":"<p>O\u00a0\u00cdndice Nacional de Pre\u00e7os ao Consumidor Amplo 15 (IPCA-15), que \u00e9 uma pr\u00e9via da infla\u00e7\u00e3o oficial, voltou a avan\u00e7ar no \u00faltimo m\u00eas do ano, passando&#8230;<\/p>\n","protected":false},"author":1182,"featured_media":18972,"comment_status":"closed","ping_status":"closed","sticky":false,"template":"","format":"standard","meta":{"footnotes":""},"categories":[6],"tags":[],"class_list":["post-25693","post","type-post","status-publish","format-standard","has-post-thumbnail","hentry","category-noticias"],"_links":{"self":[{"href":"https:\/\/www.sincomam.org.br\/index.php\/wp-json\/wp\/v2\/posts\/25693","targetHints":{"allow":["GET"]}}],"collection":[{"href":"https:\/\/www.sincomam.org.br\/index.php\/wp-json\/wp\/v2\/posts"}],"about":[{"href":"https:\/\/www.sincomam.org.br\/index.php\/wp-json\/wp\/v2\/types\/post"}],"author":[{"embeddable":true,"href":"https:\/\/www.sincomam.org.br\/index.php\/wp-json\/wp\/v2\/users\/1182"}],"replies":[{"embeddable":true,"href":"https:\/\/www.sincomam.org.br\/index.php\/wp-json\/wp\/v2\/comments?post=25693"}],"version-history":[{"count":1,"href":"https:\/\/www.sincomam.org.br\/index.php\/wp-json\/wp\/v2\/posts\/25693\/revisions"}],"predecessor-version":[{"id":25694,"href":"https:\/\/www.sincomam.org.br\/index.php\/wp-json\/wp\/v2\/posts\/25693\/revisions\/25694"}],"wp:featuredmedia":[{"embeddable":true,"href":"https:\/\/www.sincomam.org.br\/index.php\/wp-json\/wp\/v2\/media\/18972"}],"wp:attachment":[{"href":"https:\/\/www.sincomam.org.br\/index.php\/wp-json\/wp\/v2\/media?parent=25693"}],"wp:term":[{"taxonomy":"category","embeddable":true,"href":"https:\/\/www.sincomam.org.br\/index.php\/wp-json\/wp\/v2\/categories?post=25693"},{"taxonomy":"post_tag","embeddable":true,"href":"https:\/\/www.sincomam.org.br\/index.php\/wp-json\/wp\/v2\/tags?post=25693"}],"curies":[{"name":"wp","href":"https:\/\/api.w.org\/{rel}","templated":true}]}}