{"id":25691,"date":"2017-12-21T00:00:02","date_gmt":"2017-12-21T02:00:02","guid":{"rendered":"http:\/\/sincomam.org.br\/?p=25691"},"modified":"2017-12-20T18:51:10","modified_gmt":"2017-12-20T20:51:10","slug":"tres-grupos-estrangeiros-tem-interesse-em-viracopos-diz-secretario-de-aviacao","status":"publish","type":"post","link":"https:\/\/www.sincomam.org.br\/index.php\/tres-grupos-estrangeiros-tem-interesse-em-viracopos-diz-secretario-de-aviacao\/","title":{"rendered":"Tr\u00eas grupos estrangeiros t\u00eam interesse em Viracopos, diz secret\u00e1rio de Avia\u00e7\u00e3o"},"content":{"rendered":"<div class=\"mc-column content-text active-extra-styles active-capital-letter\" data-block-type=\"unstyled\" data-block-weight=\"29\" data-block-id=\"1\">\n<p class=\"content-text__container theme-color-primary-first-letter\" data-track-category=\"Link no Texto\" data-track-links=\"\">O secret\u00e1rio de Avia\u00e7\u00e3o Civil do Minist\u00e9rio dos Transportes, Dario Lopes, afirmou que h\u00e1 tr\u00eas grupos estrangeiros interessados em comprar a<span>\u00a0concess\u00e3o do aeroporto de Viracopos<\/span>.<\/p>\n<\/div>\n<div class=\"mc-column content-text active-extra-styles \" data-block-type=\"unstyled\" data-block-weight=\"28\" data-block-id=\"2\">\n<p class=\"content-text__container \" data-track-category=\"Link no Texto\" data-track-links=\"\">Segundo o secret\u00e1rio, o governo espera que essa \u201csolu\u00e7\u00e3o de mercado\u201d ainda em janeiro. Se a venda for concretizada, o governo n\u00e3o ter\u00e1 que licitar novamente o aeroporto.<\/p>\n<\/div>\n<div class=\"mc-column content-text active-extra-styles \" data-block-type=\"unstyled\" data-block-weight=\"57\" data-block-id=\"3\">\n<p class=\"content-text__container \" data-track-category=\"Link no Texto\" data-track-links=\"\">A Aeroportos Brasil Viracopos (ABV), que administra o aeroporto de Viracopos, decidiu, em julho,<span>\u00a0devolver a concess\u00e3o<\/span><span>\u00a0<\/span>por conta das dificuldades financeiras e da frustra\u00e7\u00e3o da demanda do fluxo de passageiros e de cargas. A concession\u00e1ria tem como s\u00f3cias a UTC e a Triunfo. Com a devolu\u00e7\u00e3o, o governo teria que fazer uma nova licita\u00e7\u00e3o do aeroporto.<\/p>\n<\/div>\n<div class=\"mc-column content-text active-extra-styles \" data-block-type=\"unstyled\" data-block-weight=\"24\" data-block-id=\"4\">\n<p class=\"content-text__container \" data-track-category=\"Link no Texto\" data-track-links=\"\">\u201cEst\u00e1 colocado na mesa comprar s\u00f3 a parte da UTC e tamb\u00e9m comprar tudo [UTC e Triunfo]\u201d, disse o secret\u00e1rio em conversas com jornalistas.<\/p>\n<\/div>\n<div class=\"mc-column content-text active-extra-styles\" data-block-type=\"raw\" data-block-weight=\"2\" data-block-id=\"5\">\n<div class=\"content-intertitle\">\n<h2>Mercado a\u00e9reo<\/h2>\n<\/div>\n<\/div>\n<div class=\"mc-column content-text active-extra-styles \" data-block-type=\"unstyled\" data-block-weight=\"43\" data-block-id=\"6\">\n<p class=\"content-text__container \" data-track-category=\"Link no Texto\" data-track-links=\"\">Nesta quarta-feira, a secretaria divulgou um estudo que indica que em 20 anos a demanda a\u00e9rea do Brasil vai pelo menos dobrar, chegando a pelo menos 401 milh\u00f5es de passageiros por ano. Atualmente a movimenta\u00e7\u00e3o de passageiros por avi\u00e3o \u00e9 de 201,3 milh\u00f5es.<\/p>\n<\/div>\n<div class=\"mc-column content-text active-extra-styles \" data-block-type=\"unstyled\" data-block-weight=\"41\" data-block-id=\"7\">\n<p class=\"content-text__container \" data-track-category=\"Link no Texto\" data-track-links=\"\">Segundo dados da Secretaria de Avia\u00e7\u00e3o Civil, do Minist\u00e9rio dos Transportes, esse cen\u00e1rio de 401 milh\u00f5es de passageiros por ano em 2037 \u00e9 conservador e foi calculado considerando que n\u00e3o haver\u00e1 nenhuma mudan\u00e7a no setor, como queda no pre\u00e7o das passagens.<\/p>\n<\/div>\n<div class=\"mc-column content-text active-extra-styles \" data-block-type=\"unstyled\" data-block-weight=\"22\" data-block-id=\"8\">\n<p class=\"content-text__container \" data-track-category=\"Link no Texto\" data-track-links=\"\">J\u00e1 em cen\u00e1rio mais otimista, a previs\u00e3o \u00e9 que a movimenta\u00e7\u00e3o de passageiros a\u00e9reos chegue a 700,5 milh\u00f5es por ano em 2037.<\/p>\n<\/div>\n<div class=\"mc-column content-text active-extra-styles \" data-block-type=\"unstyled\" data-block-weight=\"31\" data-block-id=\"9\">\n<p class=\"content-text__container \" data-track-category=\"Link no Texto\" data-track-links=\"\">O levantamento apontou ainda que os aeroportos regionais t\u00eam mais potencial de crescimento do que os chamados aeroportos sist\u00eamicos, que s\u00e3o os localizados nas regi\u00f5es metropolitanas das capitais e em Campinas.<\/p>\n<\/div>\n<div data-track-category=\"fim do conteudo\" data-track-action=\"ultimo chunk conteudo\" data-track-noninteraction=\"false\" data-track-scroll=\"entrada completa viewport\">\n<div class=\"mc-column content-text active-extra-styles \" data-block-type=\"unstyled\" data-block-weight=\"52\" data-block-id=\"10\">\n<p class=\"content-text__container \" data-track-category=\"Link no Texto\" data-track-links=\"\">Segundo o documento, a estimativa conservadora prev\u00ea um crescimento de 104% na demanda dos aeroportos regionais entre 2017 e 2037 e de 87% nos aeroportos sist\u00eamicos. Apesar da previs\u00e3o de uma demanda maior nos aeroportos regionais, os aeroportos sist\u00eamicos ainda responder\u00e3o por 90,7% de todo o movimento de passageiros a\u00e9reo no pa\u00eds.<\/p>\n<\/div>\n<\/div>\n","protected":false},"excerpt":{"rendered":"<p>O secret\u00e1rio de Avia\u00e7\u00e3o Civil do Minist\u00e9rio dos Transportes, Dario Lopes, afirmou que h\u00e1 tr\u00eas grupos estrangeiros interessados em comprar a\u00a0concess\u00e3o do aeroporto de Viracopos&#8230;.<\/p>\n","protected":false},"author":1182,"featured_media":19430,"comment_status":"closed","ping_status":"closed","sticky":false,"template":"","format":"standard","meta":{"footnotes":""},"categories":[6],"tags":[],"class_list":["post-25691","post","type-post","status-publish","format-standard","has-post-thumbnail","hentry","category-noticias"],"_links":{"self":[{"href":"https:\/\/www.sincomam.org.br\/index.php\/wp-json\/wp\/v2\/posts\/25691","targetHints":{"allow":["GET"]}}],"collection":[{"href":"https:\/\/www.sincomam.org.br\/index.php\/wp-json\/wp\/v2\/posts"}],"about":[{"href":"https:\/\/www.sincomam.org.br\/index.php\/wp-json\/wp\/v2\/types\/post"}],"author":[{"embeddable":true,"href":"https:\/\/www.sincomam.org.br\/index.php\/wp-json\/wp\/v2\/users\/1182"}],"replies":[{"embeddable":true,"href":"https:\/\/www.sincomam.org.br\/index.php\/wp-json\/wp\/v2\/comments?post=25691"}],"version-history":[{"count":1,"href":"https:\/\/www.sincomam.org.br\/index.php\/wp-json\/wp\/v2\/posts\/25691\/revisions"}],"predecessor-version":[{"id":25692,"href":"https:\/\/www.sincomam.org.br\/index.php\/wp-json\/wp\/v2\/posts\/25691\/revisions\/25692"}],"wp:featuredmedia":[{"embeddable":true,"href":"https:\/\/www.sincomam.org.br\/index.php\/wp-json\/wp\/v2\/media\/19430"}],"wp:attachment":[{"href":"https:\/\/www.sincomam.org.br\/index.php\/wp-json\/wp\/v2\/media?parent=25691"}],"wp:term":[{"taxonomy":"category","embeddable":true,"href":"https:\/\/www.sincomam.org.br\/index.php\/wp-json\/wp\/v2\/categories?post=25691"},{"taxonomy":"post_tag","embeddable":true,"href":"https:\/\/www.sincomam.org.br\/index.php\/wp-json\/wp\/v2\/tags?post=25691"}],"curies":[{"name":"wp","href":"https:\/\/api.w.org\/{rel}","templated":true}]}}