{"id":25689,"date":"2017-12-21T00:47:22","date_gmt":"2017-12-21T02:47:22","guid":{"rendered":"http:\/\/sincomam.org.br\/?p=25689"},"modified":"2017-12-20T18:48:55","modified_gmt":"2017-12-20T20:48:55","slug":"anatel-diz-que-vai-manter-na-justica-cobranca-de-divida-com-a-oi","status":"publish","type":"post","link":"https:\/\/www.sincomam.org.br\/index.php\/anatel-diz-que-vai-manter-na-justica-cobranca-de-divida-com-a-oi\/","title":{"rendered":"Anatel diz que vai manter na Justi\u00e7a cobran\u00e7a de d\u00edvida com a Oi"},"content":{"rendered":"<div class=\"mc-column content-text active-extra-styles active-capital-letter\" data-block-type=\"unstyled\" data-block-weight=\"30\" data-block-id=\"2\">\n<p class=\"content-text__container theme-color-primary-first-letter\" data-track-category=\"Link no Texto\" data-track-links=\"\">O presidente da Ag\u00eancia Nacional de Telecomunica\u00e7\u00f5es (Anatel), Juarez Quadros, informou que o \u00f3rg\u00e3o vai \u201ccontinuar no lit\u00edgio\u201d em rela\u00e7\u00e3o ao plano de recupera\u00e7\u00e3o judicial da Oi.<\/p>\n<\/div>\n<div class=\"mc-column content-text active-extra-styles \" data-block-type=\"unstyled\" data-block-weight=\"20\" data-block-id=\"3\">\n<p class=\"content-text__container \" data-track-category=\"Link no Texto\" data-track-links=\"\">A Anatel entende que os cr\u00e9ditos que tem junto a Oi deveriam ficar de fora do plano de recupera\u00e7\u00e3o judicial.<\/p>\n<\/div>\n<div class=\"mc-column content-text active-extra-styles \" data-block-type=\"unstyled\" data-block-weight=\"33\" data-block-id=\"4\">\n<p class=\"content-text__container \" data-track-category=\"Link no Texto\" data-track-links=\"\">O plano foi<span>\u00a0aprovado pelos credores<\/span><span>\u00a0<\/span>da companhia na madrugada desta quarta. A Anatel votou contra o plano, considerado etapa decisiva para evitar a fal\u00eancia ou a interven\u00e7\u00e3o do governo federal na Oi.<\/p>\n<\/div>\n<div class=\"mc-column content-text active-extra-styles \" data-block-type=\"unstyled\" data-block-weight=\"15\" data-block-id=\"5\">\n<p class=\"content-text__container \" data-track-category=\"Link no Texto\" data-track-links=\"\">\u201cA ag\u00eancia, representada pela AGU, tem que continuar o lit\u00edgio\u201d, disse o presidente da Anatel.<\/p>\n<\/div>\n<div class=\"mc-column content-text active-extra-styles \" data-block-type=\"unstyled\" data-block-weight=\"27\" data-block-id=\"6\">\n<p class=\"content-text__container \" data-track-category=\"Link no Texto\" data-track-links=\"\">Segundo Quadros, ser\u00e1 definido com a AGU como se dar\u00e1 o questionamento jur\u00eddico, por meio de a\u00e7\u00e3o que j\u00e1 tramita na Justi\u00e7a ou de um novo processo.<\/p>\n<\/div>\n<div class=\"mc-column content-text active-extra-styles \" data-block-type=\"unstyled\" data-block-weight=\"33\" data-block-id=\"7\">\n<p class=\"content-text__container \" data-track-category=\"Link no Texto\" data-track-links=\"\">\u201cNo caso espec\u00edfico dos R$ 11 bilh\u00f5es, s\u00e3o cr\u00e9ditos p\u00fablicos, e que n\u00e3o pode ent\u00e3o a ag\u00eancia, na inst\u00e2ncia ainda que prim\u00e1ria, j\u00e1 aceitar como sendo a decis\u00e3o a ser cumprida\u201d, disse Quadros.<\/p>\n<\/div>\n<div class=\"mc-column content-text active-extra-styles \" data-block-type=\"unstyled\" data-block-weight=\"25\" data-block-id=\"8\">\n<p class=\"content-text__container \" data-track-category=\"Link no Texto\" data-track-links=\"\">O presidente da Anatel explicou que n\u00e3o h\u00e1 \u201ccobertura legal\u201d para o parcelamento do d\u00e9bito da Oi em 20 anos, conforme estipulado na recupera\u00e7\u00e3o judicial.<\/p>\n<\/div>\n<div class=\"mc-column content-text active-extra-styles \" data-block-type=\"unstyled\" data-block-weight=\"23\" data-block-id=\"9\">\n<p class=\"content-text__container \" data-track-category=\"Link no Texto\" data-track-links=\"\">\u201cO parcelamento de 20 anos ele n\u00e3o tem cobertura legal, ent\u00e3o, nenhum gestor p\u00fablico pode tomar qualquer decis\u00e3o sem esse respaldo\u201d, explicou Quadros.<\/p>\n<\/div>\n<div class=\"mc-column content-text active-extra-styles \" data-block-type=\"unstyled\" data-block-weight=\"64\" data-block-id=\"10\">\n<p class=\"content-text__container \" data-track-category=\"Link no Texto\" data-track-links=\"\">\u201cTem que recorrer de vez que h\u00e1 preju\u00edzos a condi\u00e7\u00e3o. Se eventualmente a Oi ven\u00e7a na Justi\u00e7a aquilo que foi levado \u00e0 assembleia de ontem e que ter\u00e1 de ser homologado pelo senhor juiz, os cr\u00e9ditos constitu\u00eddos s\u00f3 ser\u00e3o pagos em 240 meses. E os [cr\u00e9ditos] n\u00e3o constitu\u00eddos, que s\u00e3o ent\u00e3o dos da Anatel, tamb\u00e9m come\u00e7ar\u00e3o a ser pagos daqui a 20 anos\u201d, completou.<\/p>\n<\/div>\n<div class=\"mc-column content-text active-extra-styles \" data-block-type=\"unstyled\" data-block-weight=\"47\" data-block-id=\"11\">\n<p class=\"content-text__container \" data-track-category=\"Link no Texto\" data-track-links=\"\">A Oi tem d\u00edvidas de mais de R$ 64 bilh\u00f5es e 55 mil credores. A rela\u00e7\u00e3o inclui detentores de t\u00edtulos de longo prazo da empresa (os chamados bondholders) e representantes de \u00f3rg\u00e3os e inst\u00e2ncias do governo federal como a pr\u00f3pria Anatel, Banco do Brasil, Caixa e BNDES.<\/p>\n<p>Fonte: G1<\/p>\n<\/div>\n","protected":false},"excerpt":{"rendered":"<p>O presidente da Ag\u00eancia Nacional de Telecomunica\u00e7\u00f5es (Anatel), Juarez Quadros, informou que o \u00f3rg\u00e3o vai \u201ccontinuar no lit\u00edgio\u201d em rela\u00e7\u00e3o ao plano de recupera\u00e7\u00e3o judicial&#8230;<\/p>\n","protected":false},"author":1182,"featured_media":18158,"comment_status":"closed","ping_status":"closed","sticky":false,"template":"","format":"standard","meta":{"footnotes":""},"categories":[6],"tags":[],"class_list":["post-25689","post","type-post","status-publish","format-standard","has-post-thumbnail","hentry","category-noticias"],"_links":{"self":[{"href":"https:\/\/www.sincomam.org.br\/index.php\/wp-json\/wp\/v2\/posts\/25689","targetHints":{"allow":["GET"]}}],"collection":[{"href":"https:\/\/www.sincomam.org.br\/index.php\/wp-json\/wp\/v2\/posts"}],"about":[{"href":"https:\/\/www.sincomam.org.br\/index.php\/wp-json\/wp\/v2\/types\/post"}],"author":[{"embeddable":true,"href":"https:\/\/www.sincomam.org.br\/index.php\/wp-json\/wp\/v2\/users\/1182"}],"replies":[{"embeddable":true,"href":"https:\/\/www.sincomam.org.br\/index.php\/wp-json\/wp\/v2\/comments?post=25689"}],"version-history":[{"count":1,"href":"https:\/\/www.sincomam.org.br\/index.php\/wp-json\/wp\/v2\/posts\/25689\/revisions"}],"predecessor-version":[{"id":25690,"href":"https:\/\/www.sincomam.org.br\/index.php\/wp-json\/wp\/v2\/posts\/25689\/revisions\/25690"}],"wp:featuredmedia":[{"embeddable":true,"href":"https:\/\/www.sincomam.org.br\/index.php\/wp-json\/wp\/v2\/media\/18158"}],"wp:attachment":[{"href":"https:\/\/www.sincomam.org.br\/index.php\/wp-json\/wp\/v2\/media?parent=25689"}],"wp:term":[{"taxonomy":"category","embeddable":true,"href":"https:\/\/www.sincomam.org.br\/index.php\/wp-json\/wp\/v2\/categories?post=25689"},{"taxonomy":"post_tag","embeddable":true,"href":"https:\/\/www.sincomam.org.br\/index.php\/wp-json\/wp\/v2\/tags?post=25689"}],"curies":[{"name":"wp","href":"https:\/\/api.w.org\/{rel}","templated":true}]}}