{"id":25685,"date":"2017-12-21T00:43:43","date_gmt":"2017-12-21T02:43:43","guid":{"rendered":"http:\/\/sincomam.org.br\/?p=25685"},"modified":"2017-12-20T18:46:08","modified_gmt":"2017-12-20T20:46:08","slug":"planejamento-anuncia-desbloqueio-de-r-5-bilhoes-para-gastos-dos-ministerios","status":"publish","type":"post","link":"https:\/\/www.sincomam.org.br\/index.php\/planejamento-anuncia-desbloqueio-de-r-5-bilhoes-para-gastos-dos-ministerios\/","title":{"rendered":"Planejamento anuncia desbloqueio de R$ 5 bilh\u00f5es para gastos dos minist\u00e9rios"},"content":{"rendered":"<p>O Minist\u00e9rio do Planejamento anunciou a libera\u00e7\u00e3o de R$ 5,003 bilh\u00f5es para gastos dos minist\u00e9rios e \u00f3rg\u00e3os p\u00fablicos federais.<\/p>\n<div class=\"mc-column content-text active-extra-styles \" data-block-type=\"unstyled\" data-block-weight=\"40\" data-block-id=\"2\">\n<p class=\"content-text__container \" data-track-category=\"Link no Texto\" data-track-links=\"\">Ainda assim, R$ 19,6 bilh\u00f5es do Or\u00e7amento deste ano permanecem bloqueados a fim de garantir o cumprimento da meta fiscal aprovada para 2017, que permite um d\u00e9ficit (despesa maior que a receita) de at\u00e9 R$ 159 bilh\u00f5es nas contas p\u00fablicas.<\/p>\n<\/div>\n<div class=\"mc-column content-text active-extra-styles \" data-block-type=\"unstyled\" data-block-weight=\"30\" data-block-id=\"3\">\n<p class=\"content-text__container \" data-track-category=\"Link no Texto\" data-track-links=\"\">O ministro Dyogo Oliveira, do Planejamento, afirmou, que do total liberado, a maior parte (R$ 3,69 bilh\u00f5es), ser\u00e1 destinada \u00e0s despesas de custeio e funcionamento de \u00f3rg\u00e3os do Executivo Federal.<\/p>\n<\/div>\n<div class=\"mc-column content-text active-extra-styles \" data-block-type=\"unstyled\" data-block-weight=\"55\" data-block-id=\"4\">\n<p class=\"content-text__container \" data-track-category=\"Link no Texto\" data-track-links=\"\">\u201cBasicamente, n\u00f3s vamos destinar os recursos para o pagamento de despesas do funcionamento de \u00f3rg\u00e3os que ficaram ao longo do ano extremamente comprimidas, dentre as quais, o pagamento dos organismos internacionais e despesas dos minist\u00e9rios de Defesa, Ci\u00eancia e Tecnologia, Educa\u00e7\u00e3o e Transportes. Esses ser\u00e3o os principais minist\u00e9rios a receberem recursos nessa reta final\u201d, declarou.<\/p>\n<\/div>\n<div class=\"mc-column content-text active-extra-styles \" data-block-type=\"unstyled\" data-block-weight=\"55\" data-block-id=\"5\">\n<p class=\"content-text__container \" data-track-category=\"Link no Texto\" data-track-links=\"\">Outros R$ 850 milh\u00f5es ser\u00e3o destinados a investimentos, por meio do Programa de Acelera\u00e7\u00e3o do Crescimento (PAC), e R$ 62,7 milh\u00f5es v\u00e3o para gastos do Legislativo e do Judici\u00e1rio. Como h\u00e1 determina\u00e7\u00e3o legal, a libera\u00e7\u00e3o de recursos resultar\u00e1 em uma libera\u00e7\u00e3o de R$ 396,5 milh\u00f5es por meio de emendas parlamentares individuais e de bancadas estaduais.<\/p>\n<\/div>\n<div class=\"mc-column content-text active-extra-styles \" data-block-type=\"unstyled\" data-block-weight=\"52\" data-block-id=\"6\">\n<p class=\"content-text__container \" data-track-category=\"Link no Texto\" data-track-links=\"\">De acordo com o minist\u00e9rio, com base na arrecada\u00e7\u00e3o j\u00e1 realizada at\u00e9 novembro, o governo aumentou a previs\u00e3o de receitas l\u00edquidas (recursos de tributos e contribui\u00e7\u00f5es federais, descontadas as transfer\u00eancias constitucionais) em R$ 436,9 milh\u00f5es. Tamb\u00e9m foi registrada uma redu\u00e7\u00e3o de despesas de R$ 4,56 bilh\u00f5es em rela\u00e7\u00e3o ao que estava programado.<\/p>\n<\/div>\n<div class=\"mc-column content-text active-extra-styles \" data-block-type=\"unstyled\" data-block-weight=\"22\" data-block-id=\"7\">\n<p class=\"content-text__container \" data-track-category=\"Link no Texto\" data-track-links=\"\">Os dados constam de relat\u00f3rio extraordin\u00e1rio de avalia\u00e7\u00e3o de receitas e despesas, que normalmente, \u00e9 divulgado ap\u00f3s o final de cada bimestre.<\/p>\n<\/div>\n<div class=\"mc-column content-text active-extra-styles \" data-block-type=\"unstyled\" data-block-weight=\"33\" data-block-id=\"8\">\n<p class=\"content-text__container \" data-track-category=\"Link no Texto\" data-track-links=\"\">O documento tamb\u00e9m incorporou a nova<span>\u00a0<\/span><span>\u00a0proje\u00e7\u00e3o de crescimento do Produto Interno Bruto (PIB) deste ano, que passou de 0,5% para 1,1%\u00a0<\/span>\u2013 anunciada na semana passada pelo ministro da Fazenda, Henrique Meirelles.<\/p>\n<\/div>\n<div class=\"mc-column content-text active-extra-styles \" data-block-type=\"unstyled\" data-block-weight=\"21\" data-block-id=\"9\">\n<p class=\"content-text__container \" data-track-category=\"Link no Texto\" data-track-links=\"\">Normalmente, a atualiza\u00e7\u00e3o de par\u00e2metros macroecon\u00f4micos, como o resultado do PIB, tem impacto na previs\u00e3o de receitas e despesas da Uni\u00e3o.<\/p>\n<\/div>\n<div class=\"mc-column content-text active-extra-styles \" data-block-type=\"unstyled\" data-block-weight=\"38\" data-block-id=\"11\">\n<p class=\"content-text__container \" data-track-category=\"Link no Texto\" data-track-links=\"\">Mas, de acordo com o Minist\u00e9rio do Planejamento, como o atual relat\u00f3rio j\u00e1 se baseia em dados realizados at\u00e9 novembro, \u201cas atualiza\u00e7\u00f5es dos par\u00e2metros n\u00e3o influenciaram as proje\u00e7\u00f5es de receitas e despesas apresentadas no relat\u00f3rio\u201d, informa o documento.<\/p>\n<p>Fonte: O Globo<\/p>\n<\/div>\n","protected":false},"excerpt":{"rendered":"<p>O Minist\u00e9rio do Planejamento anunciou a libera\u00e7\u00e3o de R$ 5,003 bilh\u00f5es para gastos dos minist\u00e9rios e \u00f3rg\u00e3os p\u00fablicos federais. Ainda assim, R$ 19,6 bilh\u00f5es do&#8230;<\/p>\n","protected":false},"author":1182,"featured_media":19106,"comment_status":"closed","ping_status":"closed","sticky":false,"template":"","format":"standard","meta":{"footnotes":""},"categories":[6],"tags":[],"class_list":["post-25685","post","type-post","status-publish","format-standard","has-post-thumbnail","hentry","category-noticias"],"_links":{"self":[{"href":"https:\/\/www.sincomam.org.br\/index.php\/wp-json\/wp\/v2\/posts\/25685","targetHints":{"allow":["GET"]}}],"collection":[{"href":"https:\/\/www.sincomam.org.br\/index.php\/wp-json\/wp\/v2\/posts"}],"about":[{"href":"https:\/\/www.sincomam.org.br\/index.php\/wp-json\/wp\/v2\/types\/post"}],"author":[{"embeddable":true,"href":"https:\/\/www.sincomam.org.br\/index.php\/wp-json\/wp\/v2\/users\/1182"}],"replies":[{"embeddable":true,"href":"https:\/\/www.sincomam.org.br\/index.php\/wp-json\/wp\/v2\/comments?post=25685"}],"version-history":[{"count":1,"href":"https:\/\/www.sincomam.org.br\/index.php\/wp-json\/wp\/v2\/posts\/25685\/revisions"}],"predecessor-version":[{"id":25686,"href":"https:\/\/www.sincomam.org.br\/index.php\/wp-json\/wp\/v2\/posts\/25685\/revisions\/25686"}],"wp:featuredmedia":[{"embeddable":true,"href":"https:\/\/www.sincomam.org.br\/index.php\/wp-json\/wp\/v2\/media\/19106"}],"wp:attachment":[{"href":"https:\/\/www.sincomam.org.br\/index.php\/wp-json\/wp\/v2\/media?parent=25685"}],"wp:term":[{"taxonomy":"category","embeddable":true,"href":"https:\/\/www.sincomam.org.br\/index.php\/wp-json\/wp\/v2\/categories?post=25685"},{"taxonomy":"post_tag","embeddable":true,"href":"https:\/\/www.sincomam.org.br\/index.php\/wp-json\/wp\/v2\/tags?post=25685"}],"curies":[{"name":"wp","href":"https:\/\/api.w.org\/{rel}","templated":true}]}}