{"id":25683,"date":"2017-12-21T00:10:28","date_gmt":"2017-12-21T02:10:28","guid":{"rendered":"http:\/\/sincomam.org.br\/?p=25683"},"modified":"2017-12-20T18:43:35","modified_gmt":"2017-12-20T20:43:35","slug":"governo-do-rn-pede-ajuda-das-forcas-armadas-para-garantir-seguranca-no-estado","status":"publish","type":"post","link":"https:\/\/www.sincomam.org.br\/index.php\/governo-do-rn-pede-ajuda-das-forcas-armadas-para-garantir-seguranca-no-estado\/","title":{"rendered":"Governo do RN pede ajuda das For\u00e7as Armadas para garantir seguran\u00e7a no estado"},"content":{"rendered":"<div class=\"mc-column content-text active-extra-styles active-capital-letter\" data-block-type=\"unstyled\" data-block-weight=\"46\" data-block-id=\"2\">\n<p class=\"content-text__container theme-color-primary-first-letter\" data-track-category=\"Link no Texto\" data-track-links=\"\">Diante da paralisa\u00e7\u00e3o de parte dos servidores da seguran\u00e7a p\u00fablica do Rio Grande do Norte, o Governo do Estado solicitou ao Governo Federal um incremento no n\u00famero de policiais da For\u00e7a Nacional e o apoio das For\u00e7as Armadas para atuar no territ\u00f3rio potiguar.<\/p>\n<\/div>\n<div class=\"mc-column content-text active-extra-styles \" data-block-type=\"unstyled\" data-block-weight=\"45\" data-block-id=\"3\">\n<p class=\"content-text__container \" data-track-category=\"Link no Texto\" data-track-links=\"\">No documento, direcionado ao Ministro de Estado Chefe do Gabinete de Seguran\u00e7a Institucional da Presid\u00eancia da Rep\u00fablica, general S\u00e9rgio Westphalen Etchegoyen, o governo argumenta que o movimento iniciado por servidores da seguran\u00e7a do Estado tem comprometido a normalidade do servi\u00e7o p\u00fablico oferecido por essas categorias.<\/p>\n<\/div>\n<div class=\"mc-column content-text active-extra-styles \" data-block-type=\"unstyled\" data-block-weight=\"42\" data-block-id=\"4\">\n<p class=\"content-text__container \" data-track-category=\"Link no Texto\" data-track-links=\"\"><span>\u00a0Desde esta ter\u00e7a-feira (19), a maior parte do efetivo da Pol\u00edcia Militar do Rio Grande do Norte n\u00e3o tem sa\u00eddo para trabalhar nas ruas.\u00a0<\/span>Trata-se de um protesto dos PMs, por causa dos atrasos salariais que v\u00eam acontecendo h\u00e1 meses no estado.<\/p>\n<\/div>\n<div class=\"mc-column content-text active-extra-styles \" data-block-type=\"unstyled\" data-block-weight=\"42\" data-block-id=\"5\">\n<p class=\"content-text__container \" data-track-category=\"Link no Texto\" data-track-links=\"\">Nesta quarta (20), a Pol\u00edcia Civil e os agentes penitenci\u00e1rios tamb\u00e9m aderiram ao movimento. Os agentes, delegados e escriv\u00e3es da pol\u00edcia est\u00e3o trabalhando em regime de plant\u00e3o. Os agentes penitenci\u00e1rios entraram em greve e os pres\u00eddios est\u00e3o sendo operadas com efetivo reduzido. Desde a manh\u00e3 desta ter\u00e7a (19), um supermercado sofreu um arrast\u00e3o e dois bancos foram alvo de criminosos. Na tarde desta quarta-feira, houve p\u00e2nico e correria nos dois maiores centros comerciais de Natal: Alecrim e Cidade Alta. Por volta das 15h v\u00e1rias lojas fecharam as portas. A PM, no entanto, n\u00e3o confirmou nenhum assalto.<\/p>\n<\/div>\n<div class=\"mc-column content-text active-extra-styles \" data-block-type=\"unstyled\" data-block-weight=\"41\" data-block-id=\"9\">\n<p class=\"content-text__container \" data-track-category=\"Link no Texto\" data-track-links=\"\">Na Sa\u00fade P\u00fablica o servi\u00e7o tamb\u00e9m est\u00e1 comprometido. Os centros cir\u00fargicos de dois hospitais de Natal, o Hospital Ruy Pereira e o Hospital Monsenhor Walfredo Gurgel, foram fechados. Isso porque os enfermeiros tamb\u00e9m paralisaram suas atividades em virtude dos pagamentos atrasados.<\/p>\n<\/div>\n<div class=\"mc-column content-text active-extra-styles \" data-block-type=\"unstyled\" data-block-weight=\"51\" data-block-id=\"10\">\n<p class=\"content-text__container \" data-track-category=\"Link no Texto\" data-track-links=\"\">O governador Robinson Faria foi at\u00e9 Bras\u00edlia para tentar, junto \u00e0 Uni\u00e3o, conseguir dinheiro para pagar os sal\u00e1rios de novembro e o 13\u00ba sal\u00e1rio dos servidores do Estado.<span>\u00a0<\/p>\n<p>Fonte: G1<\/span><\/p>\n<\/div>\n","protected":false},"excerpt":{"rendered":"<p>Diante da paralisa\u00e7\u00e3o de parte dos servidores da seguran\u00e7a p\u00fablica do Rio Grande do Norte, o Governo do Estado solicitou ao Governo Federal um incremento&#8230;<\/p>\n","protected":false},"author":1182,"featured_media":18019,"comment_status":"closed","ping_status":"closed","sticky":false,"template":"","format":"standard","meta":{"footnotes":""},"categories":[6],"tags":[],"class_list":["post-25683","post","type-post","status-publish","format-standard","has-post-thumbnail","hentry","category-noticias"],"_links":{"self":[{"href":"https:\/\/www.sincomam.org.br\/index.php\/wp-json\/wp\/v2\/posts\/25683","targetHints":{"allow":["GET"]}}],"collection":[{"href":"https:\/\/www.sincomam.org.br\/index.php\/wp-json\/wp\/v2\/posts"}],"about":[{"href":"https:\/\/www.sincomam.org.br\/index.php\/wp-json\/wp\/v2\/types\/post"}],"author":[{"embeddable":true,"href":"https:\/\/www.sincomam.org.br\/index.php\/wp-json\/wp\/v2\/users\/1182"}],"replies":[{"embeddable":true,"href":"https:\/\/www.sincomam.org.br\/index.php\/wp-json\/wp\/v2\/comments?post=25683"}],"version-history":[{"count":1,"href":"https:\/\/www.sincomam.org.br\/index.php\/wp-json\/wp\/v2\/posts\/25683\/revisions"}],"predecessor-version":[{"id":25684,"href":"https:\/\/www.sincomam.org.br\/index.php\/wp-json\/wp\/v2\/posts\/25683\/revisions\/25684"}],"wp:featuredmedia":[{"embeddable":true,"href":"https:\/\/www.sincomam.org.br\/index.php\/wp-json\/wp\/v2\/media\/18019"}],"wp:attachment":[{"href":"https:\/\/www.sincomam.org.br\/index.php\/wp-json\/wp\/v2\/media?parent=25683"}],"wp:term":[{"taxonomy":"category","embeddable":true,"href":"https:\/\/www.sincomam.org.br\/index.php\/wp-json\/wp\/v2\/categories?post=25683"},{"taxonomy":"post_tag","embeddable":true,"href":"https:\/\/www.sincomam.org.br\/index.php\/wp-json\/wp\/v2\/tags?post=25683"}],"curies":[{"name":"wp","href":"https:\/\/api.w.org\/{rel}","templated":true}]}}