{"id":25681,"date":"2017-12-21T00:35:54","date_gmt":"2017-12-21T02:35:54","guid":{"rendered":"http:\/\/sincomam.org.br\/?p=25681"},"modified":"2017-12-20T18:39:21","modified_gmt":"2017-12-20T20:39:21","slug":"emprestimo-de-r-2-bi-e-liberado-e-governo-do-rj-diz-que-tenta-pagar-servidores","status":"publish","type":"post","link":"https:\/\/www.sincomam.org.br\/index.php\/emprestimo-de-r-2-bi-e-liberado-e-governo-do-rj-diz-que-tenta-pagar-servidores\/","title":{"rendered":"Empr\u00e9stimo de R$ 2 bi \u00e9 liberado, e Governo do RJ diz que tenta pagar servidores"},"content":{"rendered":"<div class=\"mc-column content-text active-extra-styles active-capital-letter\" data-block-type=\"unstyled\" data-block-weight=\"59\" data-block-id=\"1\">\n<p class=\"content-text__container theme-color-primary-first-letter\" data-track-category=\"Link no Texto\" data-track-links=\"\">O Governo do Rio informou, em nota, que R$ 2 bilh\u00f5es do repasse do banco franc\u00eas BNP Paribas foram liberados, ap\u00f3s a<span>\u00a0derrubada de liminar que impedia a venda da Cedae<\/span>, garantia do empr\u00e9stimo. Com isso, o estado diz que &#8220;concentra todos os esfor\u00e7os&#8221; para dar in\u00edcio ao pagamento dos servidores at\u00e9 o fim do dia.<\/p>\n<\/div>\n<div class=\"mc-column content-text active-extra-styles \" data-block-type=\"unstyled\" data-block-weight=\"18\" data-block-id=\"2\">\n<p class=\"content-text__container \" data-track-category=\"Link no Texto\" data-track-links=\"\">Segundo o governo, os pagamentos ser\u00e3o efetuados ao longo do dia, mesmo ap\u00f3s o t\u00e9rmino do expediente banc\u00e1rio.<\/p>\n<\/div>\n<div class=\"mc-column content-text active-extra-styles \" data-block-type=\"unstyled\" data-block-weight=\"55\" data-block-id=\"3\">\n<p class=\"content-text__container \" data-track-category=\"Link no Texto\" data-track-links=\"\">Ser\u00e3o pagos o 13\u00ba sal\u00e1rio de 2016 e os sal\u00e1rios de outubro de 2017, que estavam pendentes. Todos os pagamentos ser\u00e3o efetuados com esta primeira parte do empr\u00e9stimo de R$ 2,9 bilh\u00f5es. Os outros R$ 900 mil ser\u00e3o depositados em at\u00e9 60 dias, e o estado diz se esfor\u00e7a para receber o mais r\u00e1pido poss\u00edvel.<\/p>\n<\/div>\n<div class=\"mc-column content-text active-extra-styles\" data-block-type=\"raw\" data-block-weight=\"4\" data-block-id=\"4\">\n<div class=\"content-intertitle\">\n<h2>13\u00ba sal\u00e1rio de 2016<\/h2>\n<\/div>\n<\/div>\n<div class=\"mc-column content-text active-extra-styles \" data-block-type=\"unstyled\" data-block-weight=\"52\" data-block-id=\"5\">\n<p class=\"content-text__container \" data-track-category=\"Link no Texto\" data-track-links=\"\">Em rela\u00e7\u00e3o ao 13\u00ba sal\u00e1rio de 2016, ser\u00e1 depositado R$ 1,231 bilh\u00e3o l\u00edquido para 249.927 servidores ativos, inativos e pensionistas, que at\u00e9 a presente data n\u00e3o haviam recebido o abono. O 13\u00ba sal\u00e1rio de 2016 encontrava-se integralmente quitado para 245 mil ativos, inativos e pensionistas, em um total de R$ 477 milh\u00f5es.<\/p>\n<\/div>\n<div class=\"mc-column content-text active-extra-styles\" data-block-type=\"raw\" data-block-weight=\"5\" data-block-id=\"6\">\n<div class=\"content-intertitle\">\n<h2>Sal\u00e1rio de outubro de 2017<\/h2>\n<\/div>\n<\/div>\n<div class=\"mc-column content-text active-extra-styles \" data-block-type=\"unstyled\" data-block-weight=\"38\" data-block-id=\"7\">\n<p class=\"content-text__container \" data-track-category=\"Link no Texto\" data-track-links=\"\">Ser\u00e3o depositados R$ 567,8 milh\u00f5es l\u00edquidos referentes aos sal\u00e1rios de outubro para 209.917 ativos, inativos e pensionistas. Os vencimentos do referido m\u00eas haviam sido quitados para 255.810 ativos, inativos e pensionistas, em um total de R$ 1,015 bilh\u00e3o.<\/p>\n<\/div>\n<div class=\"mc-column content-media content-media--normal content-video\" data-block-type=\"backstage-video\" itemscope=\"\" itemtype=\"http:\/\/schema.org\/VideoObject\" data-block-id=\"8\">\n<div class=\"content-media__container content-media__container--loaded\" itemprop=\"video\">\n<div class=\"content-video__video\">\n<div data-player=\"\" class=\"clappr-player\" id=\"wp3-player-0\" tabindex=\"9999\">\n<div class=\"dfp-ad-overlay dfp-ad-overlay--poster-mode\">Fonte: G1<\/div>\n<\/div>\n<\/div>\n<\/div>\n<\/div>\n","protected":false},"excerpt":{"rendered":"<p>O Governo do Rio informou, em nota, que R$ 2 bilh\u00f5es do repasse do banco franc\u00eas BNP Paribas foram liberados, ap\u00f3s a\u00a0derrubada de liminar que&#8230;<\/p>\n","protected":false},"author":1182,"featured_media":18439,"comment_status":"closed","ping_status":"closed","sticky":false,"template":"","format":"standard","meta":{"footnotes":""},"categories":[6],"tags":[],"class_list":["post-25681","post","type-post","status-publish","format-standard","has-post-thumbnail","hentry","category-noticias"],"_links":{"self":[{"href":"https:\/\/www.sincomam.org.br\/index.php\/wp-json\/wp\/v2\/posts\/25681","targetHints":{"allow":["GET"]}}],"collection":[{"href":"https:\/\/www.sincomam.org.br\/index.php\/wp-json\/wp\/v2\/posts"}],"about":[{"href":"https:\/\/www.sincomam.org.br\/index.php\/wp-json\/wp\/v2\/types\/post"}],"author":[{"embeddable":true,"href":"https:\/\/www.sincomam.org.br\/index.php\/wp-json\/wp\/v2\/users\/1182"}],"replies":[{"embeddable":true,"href":"https:\/\/www.sincomam.org.br\/index.php\/wp-json\/wp\/v2\/comments?post=25681"}],"version-history":[{"count":1,"href":"https:\/\/www.sincomam.org.br\/index.php\/wp-json\/wp\/v2\/posts\/25681\/revisions"}],"predecessor-version":[{"id":25682,"href":"https:\/\/www.sincomam.org.br\/index.php\/wp-json\/wp\/v2\/posts\/25681\/revisions\/25682"}],"wp:featuredmedia":[{"embeddable":true,"href":"https:\/\/www.sincomam.org.br\/index.php\/wp-json\/wp\/v2\/media\/18439"}],"wp:attachment":[{"href":"https:\/\/www.sincomam.org.br\/index.php\/wp-json\/wp\/v2\/media?parent=25681"}],"wp:term":[{"taxonomy":"category","embeddable":true,"href":"https:\/\/www.sincomam.org.br\/index.php\/wp-json\/wp\/v2\/categories?post=25681"},{"taxonomy":"post_tag","embeddable":true,"href":"https:\/\/www.sincomam.org.br\/index.php\/wp-json\/wp\/v2\/tags?post=25681"}],"curies":[{"name":"wp","href":"https:\/\/api.w.org\/{rel}","templated":true}]}}