{"id":25668,"date":"2017-12-20T00:00:49","date_gmt":"2017-12-20T02:00:49","guid":{"rendered":"http:\/\/sincomam.org.br\/?p=25668"},"modified":"2017-12-20T18:51:32","modified_gmt":"2017-12-20T20:51:32","slug":"moro-diz-que-nao-cabe-mais-pericia-tecnica-em-recibos-de-alugueis-apresentados-por-lula","status":"publish","type":"post","link":"https:\/\/www.sincomam.org.br\/index.php\/moro-diz-que-nao-cabe-mais-pericia-tecnica-em-recibos-de-alugueis-apresentados-por-lula\/","title":{"rendered":"Moro diz que n\u00e3o cabe mais per\u00edcia t\u00e9cnica em recibos de alugu\u00e9is apresentados por Lula"},"content":{"rendered":"<div class=\"mc-column content-text active-extra-styles active-capital-letter\" data-block-type=\"unstyled\" data-block-weight=\"44\" data-block-id=\"2\">\n<p class=\"content-text__container theme-color-primary-first-letter\" data-track-category=\"Link no Texto\" data-track-links=\"\">O juiz federal S\u00e9rgio Moro, respons\u00e1vel pelos processos da Lava Jato na primeira inst\u00e2ncia, decidiu, pela n\u00e3o realiza\u00e7\u00e3o da per\u00edcia nos 31 recibos de alugu\u00e9is apresentados pela defesa do ex-presidente Luiz In\u00e1cio Lula da Silva. &#8220;N\u00e3o cabe mais realizar provas&#8221;, explicou.<\/p>\n<\/div>\n<div class=\"mc-column content-text active-extra-styles \" data-block-type=\"unstyled\" data-block-weight=\"40\" data-block-id=\"3\">\n<p class=\"content-text__container \" data-track-category=\"Link no Texto\" data-track-links=\"\">Lula \u00e9 acusado de receber um apartamento em S\u00e3o Bernardo do Campo como propina da Odebrecht em troca de contratos com a Petrobras. Ele nega e<span>\u00a0apresentou recibos de pagamento dos alugu\u00e9is para o empres\u00e1rio Glaucos Costamaques, propriet\u00e1rio do im\u00f3vel.<\/span><\/p>\n<\/div>\n<div class=\"mc-column content-text active-extra-styles \" data-block-type=\"unstyled\" data-block-weight=\"32\" data-block-id=\"4\">\n<p class=\"content-text__container \" data-track-category=\"Link no Texto\" data-track-links=\"\">Para os procuradores, esses recibos s\u00e3o ideologicamente falsos, ou seja, foram produzidos para dar apar\u00eancia de legalidade a atos il\u00edcitos.\u00a0<\/p>\n<\/div>\n<div class=\"mc-column content-text active-extra-styles \" data-block-type=\"unstyled\" data-block-weight=\"32\" data-block-id=\"5\">\n<p class=\"content-text__container \" data-track-category=\"Link no Texto\" data-track-links=\"\">No despacho, Moro deu tr\u00eas dias para que o Minist\u00e9rio P\u00fablico Federal (MPF) e as defesa de Lula e de Costamarques apresentem os seus argumentos finais no processo de incidente de falsidade.<\/p>\n<\/div>\n<div class=\"mc-column content-text active-extra-styles\" data-block-type=\"raw\" data-block-weight=\"3\" data-block-id=\"6\">\n<div class=\"content-intertitle\">\n<h2>MPF x Lula<\/h2>\n<\/div>\n<\/div>\n<div class=\"mc-column content-text active-extra-styles \" data-block-type=\"unstyled\" data-block-weight=\"40\" data-block-id=\"7\">\n<p class=\"content-text__container \" data-track-category=\"Link no Texto\" data-track-links=\"\">Na segunda-feira (18),<span>\u00a0o Minist\u00e9rio P\u00fablico Federal (MPF) desistiu da per\u00edcia t\u00e9cnica.\u00a0<\/span>De acordo com os procuradores, conjunto probat\u00f3rio atual j\u00e1 permite concluir que Costamarques firmava os recibos ideologicamente falsos em blocos, com objetivo de dissimular a loca\u00e7\u00e3o do apartamento.<\/p>\n<\/div>\n<div class=\"mc-column content-text active-extra-styles \" data-block-type=\"unstyled\" data-block-weight=\"43\" data-block-id=\"8\">\n<p class=\"content-text__container \" data-track-category=\"Link no Texto\" data-track-links=\"\">\u201cAp\u00f3s a colheita da prova oral, n\u00e3o mais persiste a postula\u00e7\u00e3o de realiza\u00e7\u00e3o de prova pericial porque os aspectos pontuais atinentes \u00e0 confec\u00e7\u00e3o dos documentos de que se trata, que se pretendia aclarar por prova t\u00e9cnica, j\u00e1 est\u00e3o suficientemente elucidados\u201d, consideraram os procuradores.<\/p>\n<\/div>\n<div class=\"mc-column content-text active-extra-styles \" data-block-type=\"unstyled\" data-block-weight=\"32\" data-block-id=\"9\">\n<p class=\"content-text__container \" data-track-category=\"Link no Texto\" data-track-links=\"\">A defesa de Lula, que responde por corrup\u00e7\u00e3o e lavagem de dinheiro, tamb\u00e9m se manifestou na segunda-feira. Os advogados afirmam que a per\u00edcia t\u00e9cnica n\u00e3o \u00e9 necess\u00e1ria porque os recibos s\u00e3o aut\u00eanticos.<\/p>\n<\/div>\n<div class=\"mc-column content-text active-extra-styles \" data-block-type=\"unstyled\" data-block-weight=\"37\" data-block-id=\"10\">\n<p class=\"content-text__container \" data-track-category=\"Link no Texto\" data-track-links=\"\">\u201c(&#8230;) Est\u00e1 devidamente comprovada a autenticidade dos recibos apresentados bem como a quita\u00e7\u00e3o emitida em favor da inquilina, D. Marisa Let\u00edcia Lula da Silva, n\u00e3o havendo novos requerimentos a serem realizados por esta Defesa\u201d, escreveram os advogados.<\/p>\n<\/div>\n<div class=\"mc-column content-text active-extra-styles \" data-block-type=\"unstyled\" data-block-weight=\"23\" data-block-id=\"12\">\n<p class=\"content-text__container \" data-track-category=\"Link no Texto\" data-track-links=\"\">Um perito particular contratado pela defesa do ex-presidente disse que os documentos com datas de 2011 a 2015 foram assinados em datas diferente.<\/p>\n<p>Fonte: G1<\/p>\n<\/div>\n<div class=\"mc-column content-media content-media--normal  content-photo\" data-block-type=\"backstage-photo\" data-block-id=\"13\">\n<div class=\"content-media__container\">\n<div class=\"content-media__image-centered\">\n<div class=\"progressive-img can-open-lightbox\" data-min-size=\"1008x669\" data-min-size-url=\"https:\/\/s2.glbimg.com\/6oUThbC1vr9m7taCW5XWyDErqa8=\/0x0:1900x1262\/1008x0\/smart\/filters:strip_icc()\/i.s3.glbimg.com\/v1\/AUTH_59edd422c0c84a879bd37670ae4f538a\/internal_photos\/bs\/2017\/K\/b\/T29bemTBmeO4JXF90fsw\/2017-12-13t174716z-1080379060-rc1112e31d40-rtrmadp-3-brazil-politics-lula-b.jpg\" data-max-size=\"1600x1062\" data-max-size-url=\"https:\/\/s2.glbimg.com\/2Z2p1orxitLaWxlv7aFuz4TGzaA=\/0x0:1900x1262\/1600x0\/smart\/filters:strip_icc()\/i.s3.glbimg.com\/v1\/AUTH_59edd422c0c84a879bd37670ae4f538a\/internal_photos\/bs\/2017\/K\/b\/T29bemTBmeO4JXF90fsw\/2017-12-13t174716z-1080379060-rc1112e31d40-rtrmadp-3-brazil-politics-lula-b.jpg\" data-media-index=\"1\">\n<div class=\"placeholder-container\"><\/div>\n<\/div>\n<\/div>\n<\/div>\n<\/div>\n","protected":false},"excerpt":{"rendered":"<p>O juiz federal S\u00e9rgio Moro, respons\u00e1vel pelos processos da Lava Jato na primeira inst\u00e2ncia, decidiu, pela n\u00e3o realiza\u00e7\u00e3o da per\u00edcia nos 31 recibos de alugu\u00e9is&#8230;<\/p>\n","protected":false},"author":1182,"featured_media":18842,"comment_status":"closed","ping_status":"closed","sticky":false,"template":"","format":"standard","meta":{"footnotes":""},"categories":[6],"tags":[],"class_list":["post-25668","post","type-post","status-publish","format-standard","has-post-thumbnail","hentry","category-noticias"],"_links":{"self":[{"href":"https:\/\/www.sincomam.org.br\/index.php\/wp-json\/wp\/v2\/posts\/25668","targetHints":{"allow":["GET"]}}],"collection":[{"href":"https:\/\/www.sincomam.org.br\/index.php\/wp-json\/wp\/v2\/posts"}],"about":[{"href":"https:\/\/www.sincomam.org.br\/index.php\/wp-json\/wp\/v2\/types\/post"}],"author":[{"embeddable":true,"href":"https:\/\/www.sincomam.org.br\/index.php\/wp-json\/wp\/v2\/users\/1182"}],"replies":[{"embeddable":true,"href":"https:\/\/www.sincomam.org.br\/index.php\/wp-json\/wp\/v2\/comments?post=25668"}],"version-history":[{"count":1,"href":"https:\/\/www.sincomam.org.br\/index.php\/wp-json\/wp\/v2\/posts\/25668\/revisions"}],"predecessor-version":[{"id":25669,"href":"https:\/\/www.sincomam.org.br\/index.php\/wp-json\/wp\/v2\/posts\/25668\/revisions\/25669"}],"wp:featuredmedia":[{"embeddable":true,"href":"https:\/\/www.sincomam.org.br\/index.php\/wp-json\/wp\/v2\/media\/18842"}],"wp:attachment":[{"href":"https:\/\/www.sincomam.org.br\/index.php\/wp-json\/wp\/v2\/media?parent=25668"}],"wp:term":[{"taxonomy":"category","embeddable":true,"href":"https:\/\/www.sincomam.org.br\/index.php\/wp-json\/wp\/v2\/categories?post=25668"},{"taxonomy":"post_tag","embeddable":true,"href":"https:\/\/www.sincomam.org.br\/index.php\/wp-json\/wp\/v2\/tags?post=25668"}],"curies":[{"name":"wp","href":"https:\/\/api.w.org\/{rel}","templated":true}]}}