{"id":25666,"date":"2017-12-20T00:46:21","date_gmt":"2017-12-20T02:46:21","guid":{"rendered":"http:\/\/sincomam.org.br\/?p=25666"},"modified":"2017-12-19T16:49:34","modified_gmt":"2017-12-19T18:49:34","slug":"pmdb-aprova-mudanca-de-nome-e-passa-a-ser-chamado-mdb","status":"publish","type":"post","link":"https:\/\/www.sincomam.org.br\/index.php\/pmdb-aprova-mudanca-de-nome-e-passa-a-ser-chamado-mdb\/","title":{"rendered":"PMDB aprova mudan\u00e7a de nome e passa a ser chamado MDB"},"content":{"rendered":"<p>Integrantes do PMDB aprovaram, em conven\u00e7\u00e3o nacional extraordin\u00e1ria, a mudan\u00e7a do nome da legenda, com a retirada da letra \u201cP\u201d, que significa a palavra partido. A partir de agora, a legenda volta a ser chamada pelo nome original: MDB \u2013 Movimento Democr\u00e1tico Brasileiro.<\/p>\n<div class=\"mc-column content-text active-extra-styles \" data-block-type=\"unstyled\" data-block-weight=\"48\" data-block-id=\"3\">\n<p class=\"content-text__container \" data-track-category=\"Link no Texto\" data-track-links=\"\">Em agosto, o presidente da legenda, senador Romero Juc\u00e1 (RR), j\u00e1 havia anunciado a inten\u00e7\u00e3o de alterar o nome.\u00a0Para oficializar a decis\u00e3o, era necess\u00e1rio o aval dos peemedebistas, em vota\u00e7\u00e3o feita em conven\u00e7\u00e3o nacional.<\/p>\n<\/div>\n<div class=\"mc-column content-text active-extra-styles \" data-block-type=\"unstyled\" data-block-weight=\"39\" data-block-id=\"4\">\n<p class=\"content-text__container \" data-track-category=\"Link no Texto\" data-track-links=\"\">\u201cO MDB seguir\u00e1 no rumo da mudan\u00e7a que nos transformar\u00e1 novamente em um grande e novo movimento. N\u00e3o \u00e9 uma volta para o passado, mas um passo gigantesco para o futuro\u201d, disse Juc\u00e1, em discurso aos colegas de partido.<\/p>\n<\/div>\n<div class=\"mc-column content-text active-extra-styles \" data-block-type=\"unstyled\" data-block-weight=\"21\" data-block-id=\"5\">\n<p class=\"content-text__container \" data-track-category=\"Link no Texto\" data-track-links=\"\">Movimento Democr\u00e1tico Brasileiro era o nome da agremia\u00e7\u00e3o antes de 1980, quando, ainda durante a ditadura militar, foi adotado o pluripartidarismo.<\/p>\n<\/div>\n<div class=\"mc-column content-text active-extra-styles \" data-block-type=\"unstyled\" data-block-weight=\"46\" data-block-id=\"6\">\n<p class=\"content-text__container \" data-track-category=\"Link no Texto\" data-track-links=\"\">O resgate da sigla MDB faz parte de uma estrat\u00e9gia dos peemedebistas de diminuir o desgaste do PMDB e da pol\u00edtica partid\u00e1ria junto \u00e0 sociedade. V\u00e1rios integrantes da c\u00fapula do partido, entre eles o presidente, senador Romero Juc\u00e1, s\u00e3o alvo de investiga\u00e7\u00f5es em esc\u00e2ndalos de corrup\u00e7\u00e3o.<\/p>\n<\/div>\n<div class=\"mc-column content-text active-extra-styles \" data-block-type=\"unstyled\" data-block-weight=\"31\" data-block-id=\"7\">\n<p class=\"content-text__container \" data-track-category=\"Link no Texto\" data-track-links=\"\">Entre as inten\u00e7\u00f5es dos peemedebistas com a retomada do MDB, est\u00e1 a de recordar a imagem de figuras, como Ulysses Guimar\u00e3es e Teot\u00f4nio Vilela, protagonistas da luta pela redemocratiza\u00e7\u00e3o do pa\u00eds.<\/p>\n<\/div>\n<div class=\"mc-column content-text active-extra-styles \" data-block-type=\"unstyled\" data-block-weight=\"15\" data-block-id=\"8\">\n<p class=\"content-text__container \" data-track-category=\"Link no Texto\" data-track-links=\"\">Em entrevista, Juc\u00e1 disse que a volta ao MDB n\u00e3o \u00e9 \u201cpara esconder\u201d eventuais irregularidades.<\/p>\n<\/div>\n<div class=\"mc-column content-text active-extra-styles \" data-block-type=\"unstyled\" data-block-weight=\"46\" data-block-id=\"9\">\n<p class=\"content-text__container \" data-track-category=\"Link no Texto\" data-track-links=\"\">\u201cQualquer coisa que seja investigada ser\u00e1 respondida e cada um \u00e9, individualmente, respons\u00e1vel por aquilo que tenha feito de equivocado. O partido n\u00e3o tem nada a ver com isso, est\u00e1 tranquilo e vai disputar as elei\u00e7\u00f5es de cabe\u00e7a erguida. N\u00e3o temos nenhum tipo de vergonha\u201d, disse.<\/p>\n<\/div>\n<div class=\"mc-column content-text active-extra-styles \" data-block-type=\"unstyled\" data-block-weight=\"35\" data-block-id=\"10\">\n<p class=\"content-text__container \" data-track-category=\"Link no Texto\" data-track-links=\"\">De acordo com a assessoria de Juc\u00e1, a mudan\u00e7a de nome vai ser comunicada ao Tribunal Superior Eleitoral (TSE). Como o Judici\u00e1rio entrar\u00e1 em recesso, a Justi\u00e7a Eleitoral s\u00f3 deve oficializar a altera\u00e7\u00e3o em fevereiro.<\/p>\n<p>Fonte: O Globo<\/p>\n<\/div>\n","protected":false},"excerpt":{"rendered":"<p>Integrantes do PMDB aprovaram, em conven\u00e7\u00e3o nacional extraordin\u00e1ria, a mudan\u00e7a do nome da legenda, com a retirada da letra \u201cP\u201d, que significa a palavra partido&#8230;.<\/p>\n","protected":false},"author":1182,"featured_media":18922,"comment_status":"closed","ping_status":"closed","sticky":false,"template":"","format":"standard","meta":{"footnotes":""},"categories":[6],"tags":[],"class_list":["post-25666","post","type-post","status-publish","format-standard","has-post-thumbnail","hentry","category-noticias"],"_links":{"self":[{"href":"https:\/\/www.sincomam.org.br\/index.php\/wp-json\/wp\/v2\/posts\/25666","targetHints":{"allow":["GET"]}}],"collection":[{"href":"https:\/\/www.sincomam.org.br\/index.php\/wp-json\/wp\/v2\/posts"}],"about":[{"href":"https:\/\/www.sincomam.org.br\/index.php\/wp-json\/wp\/v2\/types\/post"}],"author":[{"embeddable":true,"href":"https:\/\/www.sincomam.org.br\/index.php\/wp-json\/wp\/v2\/users\/1182"}],"replies":[{"embeddable":true,"href":"https:\/\/www.sincomam.org.br\/index.php\/wp-json\/wp\/v2\/comments?post=25666"}],"version-history":[{"count":1,"href":"https:\/\/www.sincomam.org.br\/index.php\/wp-json\/wp\/v2\/posts\/25666\/revisions"}],"predecessor-version":[{"id":25667,"href":"https:\/\/www.sincomam.org.br\/index.php\/wp-json\/wp\/v2\/posts\/25666\/revisions\/25667"}],"wp:featuredmedia":[{"embeddable":true,"href":"https:\/\/www.sincomam.org.br\/index.php\/wp-json\/wp\/v2\/media\/18922"}],"wp:attachment":[{"href":"https:\/\/www.sincomam.org.br\/index.php\/wp-json\/wp\/v2\/media?parent=25666"}],"wp:term":[{"taxonomy":"category","embeddable":true,"href":"https:\/\/www.sincomam.org.br\/index.php\/wp-json\/wp\/v2\/categories?post=25666"},{"taxonomy":"post_tag","embeddable":true,"href":"https:\/\/www.sincomam.org.br\/index.php\/wp-json\/wp\/v2\/tags?post=25666"}],"curies":[{"name":"wp","href":"https:\/\/api.w.org\/{rel}","templated":true}]}}