{"id":25652,"date":"2017-12-19T00:05:13","date_gmt":"2017-12-19T02:05:13","guid":{"rendered":"http:\/\/sincomam.org.br\/?p=25652"},"modified":"2017-12-18T11:06:47","modified_gmt":"2017-12-18T13:06:47","slug":"novo-plano-diretor-da-eletrobras-preve-menos-investimentos-e-reducao-de-pessoal-ate-2022","status":"publish","type":"post","link":"https:\/\/www.sincomam.org.br\/index.php\/novo-plano-diretor-da-eletrobras-preve-menos-investimentos-e-reducao-de-pessoal-ate-2022\/","title":{"rendered":"Novo plano diretor da Eletrobras prev\u00ea menos investimentos e redu\u00e7\u00e3o de pessoal at\u00e9 2022"},"content":{"rendered":"<article itemprop=\"articleBody\">\n<div class=\"mc-column content-text active-extra-styles active-capital-letter\" data-block-type=\"unstyled\" data-block-weight=\"57\" data-block-id=\"2\">\n<p class=\"content-text__container theme-color-primary-first-letter\" data-track-category=\"Link no Texto\" data-track-links=\"\">O conselho de administra\u00e7\u00e3o da Eletrobras aprovou o novo Plano Diretor de Neg\u00f3cios e Gest\u00e3o (PDNG) para 2018-2022, que prev\u00ea investimentos da ordem de R$ 19,75 bilh\u00f5es em gera\u00e7\u00e3o, transmiss\u00e3o, distribui\u00e7\u00e3o e infraestrutura, informou a el\u00e9trica em fato relevante nesta segunda-feira (18). O n\u00famero \u00e9 quase 45% menor ante os R$ 35,8 bilh\u00f5es do planejamento para 2017-2021.<\/p>\n<\/div>\n<div class=\"mc-column content-text active-extra-styles \" data-block-type=\"unstyled\" data-block-weight=\"4\" data-block-id=\"3\">\n<p class=\"content-text__container \" data-track-category=\"Link no Texto\" data-track-links=\"\"><strong>Investimentos Corporativos de 2018-2022<\/strong><\/p>\n<\/div>\n<div class=\"mc-column content-text active-extra-styles\" data-block-type=\"raw\" data-block-weight=\"14\" data-block-id=\"4\">\n<ul class=\"content-unordered-list\">\n<li>Gera\u00e7\u00e3o: R$ 5.146.677<\/li>\n<li>Transmiss\u00e3o: R$ 7.299.910<\/li>\n<li>Infraestrutura e outros: R$ 1.531.665<\/li>\n<li>Distribui\u00e7\u00e3o: R$ 260.825<\/li>\n<\/ul>\n<\/div>\n<div class=\"mc-column content-text active-extra-styles \" data-block-type=\"unstyled\" data-block-weight=\"9\" data-block-id=\"5\">\n<p class=\"content-text__container \" data-track-category=\"Link no Texto\" data-track-links=\"\"><strong>Investimento em Sociedades de Prop\u00f3sito Espec\u00edficos (SPEs): R$ 5.517.195<\/strong><\/p>\n<\/div>\n<div class=\"mc-column content-text active-extra-styles\" data-block-type=\"raw\" data-block-weight=\"6\" data-block-id=\"6\">\n<ul class=\"content-unordered-list\">\n<li>Gera\u00e7\u00e3o: R$ 4.836.856<\/li>\n<li>Transmiss\u00e3o: R$ 680.339<\/li>\n<\/ul>\n<\/div>\n<div class=\"mc-column content-text active-extra-styles \" data-block-type=\"unstyled\" data-block-weight=\"49\" data-block-id=\"7\">\n<p class=\"content-text__container \" data-track-category=\"Link no Texto\" data-track-links=\"\">A el\u00e9trica ainda lista em seu plano iniciativas para reduzir custos com pessoal em cerca de R$ 959 milh\u00f5es por meio do Plano de Incentivo ao Desligamento (PID). A estimativa de redu\u00e7\u00e3o \u00e9 de R$ 890,4 milh\u00f5es ao ano, se houver desligamento em 2018 de cerca de 3.017 empregados.<\/p>\n<\/div>\n<div class=\"mc-column content-text active-extra-styles \" data-block-type=\"unstyled\" data-block-weight=\"41\" data-block-id=\"8\">\n<p class=\"content-text__container \" data-track-category=\"Link no Texto\" data-track-links=\"\">Est\u00e1 prevista ainda redu\u00e7\u00e3o das despesas com contas gerenci\u00e1veis de pessoal tais como: horas extras, adicional de sobreaviso e adicional de periculosidade; e contrata\u00e7\u00e3o \u00fanica de benef\u00edcios para as empresas Eletrobras visando o ganho de escala e consequente redu\u00e7\u00e3o de custos.<\/p>\n<\/div>\n<div class=\"mc-column content-text active-extra-styles\" data-block-type=\"raw\" data-block-weight=\"1\" data-block-id=\"9\">\n<div class=\"content-intertitle\">\n<h2>Desinvestimentos<\/h2>\n<\/div>\n<\/div>\n<div class=\"mc-column content-text active-extra-styles \" data-block-type=\"unstyled\" data-block-weight=\"61\" data-block-id=\"10\">\n<p class=\"content-text__container \" data-track-category=\"Link no Texto\" data-track-links=\"\">Ainda poder\u00e1 ocorrer a venda de ativos cujos valores ser\u00e3o usados na redu\u00e7\u00e3o do endividamento da empresa, de acordo com o fato relevante. &#8220;Para efeito de estimativas, no \u00e2mbito desta iniciativa, foram selecionados um total de 77 SPEs e 6 outorgas corporativas, que totalizam cerca de R$ 4,6 bilh\u00f5es, em valor cont\u00e1bil na data base de 30 de junho de 2017.&#8221;<\/p>\n<\/div>\n<div class=\"mc-column content-text active-extra-styles \" data-block-type=\"unstyled\" data-block-weight=\"39\" data-block-id=\"11\">\n<p class=\"content-text__container \" data-track-category=\"Link no Texto\" data-track-links=\"\">O governo anunciou em agosto planos para privatizar a Eletrobras, mas a estatal ressaltou em seu plano que &#8220;a efetiva\u00e7\u00e3o da opera\u00e7\u00e3o&#8230; depende de autoriza\u00e7\u00f5es governamentais, legislativas e regulat\u00f3rias, assim como avalia\u00e7\u00e3o e confirma\u00e7\u00e3o do modelo a ser adotado&#8221;.<\/p>\n<\/div>\n<div class=\"mc-column content-text active-extra-styles \" data-block-type=\"unstyled\" data-block-weight=\"54\" data-block-id=\"12\">\n<p class=\"content-text__container \" data-track-category=\"Link no Texto\" data-track-links=\"\">A companhia disse, sem detalhar, que espera que o modelo adotado na desestatiza\u00e7\u00e3o aumente a receita da empresa, em decorr\u00eancia de mudan\u00e7a no chamado regime de &#8220;cotas&#8221; para comercializa\u00e7\u00e3o da energia de suas usinas que prorrogaram concess\u00e3o, bem como gere &#8220;possibilidade de novos investimentos devido ao aumento da receita e capital do novo s\u00f3cio&#8221;.<\/p>\n<\/div>\n<div class=\"mc-column content-text active-extra-styles \" data-block-type=\"unstyled\" data-block-weight=\"20\" data-block-id=\"14\">\n<p class=\"content-text__container \" data-track-category=\"Link no Texto\" data-track-links=\"\">A Eletrobras disse que espera tamb\u00e9m, com a privatiza\u00e7\u00e3o, &#8220;aumento no volume de investimento para recupera\u00e7\u00e3o do rio S\u00e3o Francisco&#8221;.<\/p>\n<\/div>\n<div class=\"mc-column content-text active-extra-styles\" data-block-type=\"raw\" data-block-weight=\"3\" data-block-id=\"15\">\n<div class=\"content-intertitle\">\n<h2>Voltar a crescer<\/h2>\n<\/div>\n<\/div>\n<div class=\"mc-column content-text active-extra-styles \" data-block-type=\"unstyled\" data-block-weight=\"40\" data-block-id=\"16\">\n<p class=\"content-text__container \" data-track-category=\"Link no Texto\" data-track-links=\"\">No final de novembro, o presidente da Eletrobras, Wilson Ferreira J\u00fanior, disse que a companhia pretendia voltar a investir na expans\u00e3o das suas opera\u00e7\u00f5es depois de 2019, ap\u00f3s a conclus\u00e3o da reestrutura\u00e7\u00e3o interna, vendas de ativos e redu\u00e7\u00e3o do endividamento.<\/p>\n<\/div>\n<div class=\"mc-column content-text active-extra-styles \" data-block-type=\"unstyled\" data-block-weight=\"47\" data-block-id=\"17\">\n<p class=\"content-text__container \" data-track-category=\"Link no Texto\" data-track-links=\"\">Segundo o executivo, ao fim de 2018, a Eletrobras n\u00e3o ter\u00e1 mais projetos pendentes, com exce\u00e7\u00e3o da conclus\u00e3o da obra da hidrel\u00e9trica de Belo Monte, no rio Xingu (PA) e da usina de Angra 3. Todas as obras em atraso, inclusive aquelas da Chesf, ser\u00e3o conclu\u00eddas, garantiu.<\/p>\n<\/div>\n<div class=\"mc-column content-text active-extra-styles\" data-block-type=\"raw\" data-block-weight=\"1\" data-block-id=\"18\">\n<div class=\"content-intertitle\">\n<h2>Balan\u00e7o<\/h2>\n<\/div>\n<\/div>\n<div class=\"mc-column content-text active-extra-styles \" data-block-type=\"unstyled\" data-block-weight=\"31\" data-block-id=\"19\">\n<p class=\"content-text__container \" data-track-category=\"Link no Texto\" data-track-links=\"\">De acordo com o balan\u00e7o do terceiro trimestre, a Eletrobras registrou lucro l\u00edquido de R$ 550 milh\u00f5es<a href=\"https:\/\/g1.globo.com\/economia\/negocios\/noticia\/lucro-liquido-da-eletrobras-cai-37-no-3-trimestre-para-r-550-milhoes.ghtml\"><span>\u00a0<\/span><\/a>no terceiro trimestre, resultado 37% inferior ao verificado no mesmo per\u00edodo do ano passado.<\/p>\n<\/div>\n<div class=\"mc-column content-text active-extra-styles \" data-block-type=\"unstyled\" data-block-weight=\"34\" data-block-id=\"20\">\n<p class=\"content-text__container \" data-track-category=\"Link no Texto\" data-track-links=\"\">Segundo a empresa, no mesmo trimestre de 2016 foram contabilizados valores maiores em indeniza\u00e7\u00f5es devidas pela Uni\u00e3o \u00e0 companhia pela renova\u00e7\u00e3o antecipada de contratos de concess\u00e3o (RBSE), o que explica a redu\u00e7\u00e3o no resultado.<\/p>\n<\/div>\n<div class=\"mc-column content-text active-extra-styles \" data-block-type=\"unstyled\" data-block-weight=\"23\" data-block-id=\"21\">\n<p class=\"content-text__container \" data-track-category=\"Link no Texto\" data-track-links=\"\">O resultado acumulado em 2017 \u00e9 um lucro l\u00edquido de R$ 2,272 bilh\u00f5es, ante R$ 9,77 bilh\u00f5es no mesmo per\u00edodo do ano passado.<\/p>\n<\/div>\n<div data-track-category=\"fim do conteudo\" data-track-action=\"ultimo chunk conteudo\" data-track-noninteraction=\"false\" data-track-scroll=\"entrada completa viewport\">\n<div class=\"mc-column content-text active-extra-styles \" data-block-type=\"unstyled\" data-block-weight=\"3\" data-block-id=\"22\">\n<p class=\"content-text__container \" data-track-category=\"Link no Texto\" data-track-links=\"\"><em>* Com Reuters<\/em><\/p>\n<\/div>\n<\/div>\n<\/article>\n","protected":false},"excerpt":{"rendered":"<p>O conselho de administra\u00e7\u00e3o da Eletrobras aprovou o novo Plano Diretor de Neg\u00f3cios e Gest\u00e3o (PDNG) para 2018-2022, que prev\u00ea investimentos da ordem de R$&#8230;<\/p>\n","protected":false},"author":1182,"featured_media":5103,"comment_status":"closed","ping_status":"closed","sticky":false,"template":"","format":"standard","meta":{"footnotes":""},"categories":[6],"tags":[],"class_list":["post-25652","post","type-post","status-publish","format-standard","has-post-thumbnail","hentry","category-noticias"],"_links":{"self":[{"href":"https:\/\/www.sincomam.org.br\/index.php\/wp-json\/wp\/v2\/posts\/25652","targetHints":{"allow":["GET"]}}],"collection":[{"href":"https:\/\/www.sincomam.org.br\/index.php\/wp-json\/wp\/v2\/posts"}],"about":[{"href":"https:\/\/www.sincomam.org.br\/index.php\/wp-json\/wp\/v2\/types\/post"}],"author":[{"embeddable":true,"href":"https:\/\/www.sincomam.org.br\/index.php\/wp-json\/wp\/v2\/users\/1182"}],"replies":[{"embeddable":true,"href":"https:\/\/www.sincomam.org.br\/index.php\/wp-json\/wp\/v2\/comments?post=25652"}],"version-history":[{"count":1,"href":"https:\/\/www.sincomam.org.br\/index.php\/wp-json\/wp\/v2\/posts\/25652\/revisions"}],"predecessor-version":[{"id":25653,"href":"https:\/\/www.sincomam.org.br\/index.php\/wp-json\/wp\/v2\/posts\/25652\/revisions\/25653"}],"wp:featuredmedia":[{"embeddable":true,"href":"https:\/\/www.sincomam.org.br\/index.php\/wp-json\/wp\/v2\/media\/5103"}],"wp:attachment":[{"href":"https:\/\/www.sincomam.org.br\/index.php\/wp-json\/wp\/v2\/media?parent=25652"}],"wp:term":[{"taxonomy":"category","embeddable":true,"href":"https:\/\/www.sincomam.org.br\/index.php\/wp-json\/wp\/v2\/categories?post=25652"},{"taxonomy":"post_tag","embeddable":true,"href":"https:\/\/www.sincomam.org.br\/index.php\/wp-json\/wp\/v2\/tags?post=25652"}],"curies":[{"name":"wp","href":"https:\/\/api.w.org\/{rel}","templated":true}]}}