{"id":25640,"date":"2017-12-18T00:10:02","date_gmt":"2017-12-18T02:10:02","guid":{"rendered":"http:\/\/sincomam.org.br\/?p=25640"},"modified":"2017-12-15T19:46:37","modified_gmt":"2017-12-15T21:46:37","slug":"temer-votacao-da-previdencia-ficou-para-fevereiro-para-nao-constranger-deputados","status":"publish","type":"post","link":"https:\/\/www.sincomam.org.br\/index.php\/temer-votacao-da-previdencia-ficou-para-fevereiro-para-nao-constranger-deputados\/","title":{"rendered":"Temer: vota\u00e7\u00e3o da Previd\u00eancia ficou para fevereiro para &#8216;n\u00e3o constranger&#8217; deputados"},"content":{"rendered":"<div class=\"mc-column content-text active-extra-styles active-capital-letter\" data-block-type=\"unstyled\" data-block-weight=\"28\" data-block-id=\"2\">\n<p class=\"content-text__container theme-color-primary-first-letter\" data-track-category=\"Link no Texto\" data-track-links=\"\">presidente Michel Temer afirmou que a vota\u00e7\u00e3o da reforma da Previd\u00eancia Social ficou para fevereiro do ano que vem para &#8220;n\u00e3o constranger&#8221; os deputados.<\/p>\n<\/div>\n<div class=\"mc-column content-text active-extra-styles \" data-block-type=\"unstyled\" data-block-weight=\"19\" data-block-id=\"3\">\n<p class=\"content-text__container \" data-track-category=\"Link no Texto\" data-track-links=\"\">Temer deu a declara\u00e7\u00e3o durante a<span>\u00a0posse do deputador Carlos Marum<\/span><span>\u00a0<\/span>(PMDB-MS) como novo ministro da Secretaria de Governo.<\/p>\n<\/div>\n<div class=\"mc-column content-text active-extra-styles \" data-block-type=\"unstyled\" data-block-weight=\"34\" data-block-id=\"4\">\n<p class=\"content-text__container \" data-track-category=\"Link no Texto\" data-track-links=\"\">O objetivo do presidente era votar a reforma ainda neste ano<span>\u00a0<\/span>na C\u00e2mara, mas, como o governo n\u00e3o conseguiu os 308 votos necess\u00e1rios para aprovar a proposta, concordou em deixar a vota\u00e7\u00e3o para 2018.<\/p>\n<\/div>\n<div class=\"mc-column content-text active-extra-styles \" data-block-type=\"unstyled\" data-block-weight=\"29\" data-block-id=\"5\">\n<p class=\"content-text__container \" data-track-category=\"Link no Texto\" data-track-links=\"\">&#8220;Eu digo aqui com muita tranquilidade que n\u00f3s estamos empenhados. [A vota\u00e7\u00e3o] vai ficar para fevereiro? \u00d3timo! Para fevereiro voc\u00eas sabem por qu\u00ea? Porque n\u00f3s contamos votos&#8221;, afirmou Temer.<\/p>\n<\/div>\n<div class=\"mc-column content-text active-extra-styles \" data-block-type=\"unstyled\" data-block-weight=\"33\" data-block-id=\"6\">\n<p class=\"content-text__container \" data-track-category=\"Link no Texto\" data-track-links=\"\">&#8220;Enquanto n\u00e3o tivermos os 308 [votos], n\u00e3o vamos constranger nenhum deputado. Nem n\u00f3s queremos nem o Rodrigo [Maia, presidente da C\u00e2mara] quer nem o Eun\u00edcio [Oliveira, presidente do Senado] quer&#8221;, acrescentou o presidente.<\/p>\n<\/div>\n<div class=\"mc-column content-text active-extra-styles \" data-block-type=\"unstyled\" data-block-weight=\"33\" data-block-id=\"7\">\n<p class=\"content-text__container \" data-track-category=\"Link no Texto\" data-track-links=\"\">Ao se dirigir a Carlos Marun, novo respons\u00e1vel pela articula\u00e7\u00e3o pol\u00edtica do governo, Temer pediu ao novo ministro que se dedique &#8220;18 horas por dia, se poss\u00edvel 20 [horas]&#8221; \u00e0 aprova\u00e7\u00e3o da reforma.<\/p>\n<\/div>\n<div class=\"mc-column content-text active-extra-styles\" data-block-type=\"raw\" data-block-weight=\"2\" data-block-id=\"8\">\n<div class=\"content-intertitle\">\n<h2>Recesso parlamentar<\/h2>\n<\/div>\n<\/div>\n<div class=\"mc-column content-text active-extra-styles \" data-block-type=\"unstyled\" data-block-weight=\"29\" data-block-id=\"9\">\n<p class=\"content-text__container \" data-track-category=\"Link no Texto\" data-track-links=\"\">Na sequ\u00eancia do discurso, Temer afirmou que, na avalia\u00e7\u00e3o dele, os deputados v\u00e3o aproveitar o recesso parlamentar para verificar que n\u00e3o h\u00e1 na popula\u00e7\u00e3o uma &#8220;oposi\u00e7\u00e3o feroz&#8221; \u00e0 reforma.<\/p>\n<\/div>\n<div class=\"mc-column content-text active-extra-styles \" data-block-type=\"unstyled\" data-block-weight=\"20\" data-block-id=\"10\">\n<p class=\"content-text__container \" data-track-category=\"Link no Texto\" data-track-links=\"\">Por isso, ainda na opini\u00e3o do presidente, quando retornarem ao Congresso, em fevereiro, os parlamentares votar\u00e3o a favor da proposta.<\/p>\n<\/div>\n<div class=\"mc-column content-text active-extra-styles \" data-block-type=\"unstyled\" data-block-weight=\"46\" data-block-id=\"11\">\n<p class=\"content-text__container \" data-track-category=\"Link no Texto\" data-track-links=\"\">&#8220;No m\u00eas de janeiro vai acontecer uma coisa curiosa. Os nossos parlamentares v\u00e3o para suas bases e v\u00e3o verificar que n\u00e3o h\u00e1 uma oposi\u00e7\u00e3o feroz em rela\u00e7\u00e3o \u00e0 Previd\u00eancia. E, portanto, voltar\u00e3o, penso eu, muito mais animados para votar a reforma da previd\u00eancia em fevereiro&#8221;, afirmou.<\/p>\n<\/div>\n<div class=\"mc-column content-text active-extra-styles \" data-block-type=\"unstyled\" data-block-weight=\"38\" data-block-id=\"12\">\n<p class=\"content-text__container \" data-track-category=\"Link no Texto\" data-track-links=\"\">O presidente tamb\u00e9m declarou que, embora alguns ve\u00edculos de comunica\u00e7\u00e3o \u2013 n\u00e3o citados por ele \u2013 afirmem que vai dar &#8220;tudo errado&#8221; na economia, o governo aprovar\u00e1 a reforma inclusive com a &#8220;compreens\u00e3o oculta&#8221; da parlamentares da oposi\u00e7\u00e3o.<\/p>\n<p>Fonte: Exame<\/p>\n<\/div>\n","protected":false},"excerpt":{"rendered":"<p>presidente Michel Temer afirmou que a vota\u00e7\u00e3o da reforma da Previd\u00eancia Social ficou para fevereiro do ano que vem para &#8220;n\u00e3o constranger&#8221; os deputados. Temer&#8230;<\/p>\n","protected":false},"author":1182,"featured_media":19480,"comment_status":"closed","ping_status":"closed","sticky":false,"template":"","format":"standard","meta":{"footnotes":""},"categories":[6],"tags":[],"class_list":["post-25640","post","type-post","status-publish","format-standard","has-post-thumbnail","hentry","category-noticias"],"_links":{"self":[{"href":"https:\/\/www.sincomam.org.br\/index.php\/wp-json\/wp\/v2\/posts\/25640","targetHints":{"allow":["GET"]}}],"collection":[{"href":"https:\/\/www.sincomam.org.br\/index.php\/wp-json\/wp\/v2\/posts"}],"about":[{"href":"https:\/\/www.sincomam.org.br\/index.php\/wp-json\/wp\/v2\/types\/post"}],"author":[{"embeddable":true,"href":"https:\/\/www.sincomam.org.br\/index.php\/wp-json\/wp\/v2\/users\/1182"}],"replies":[{"embeddable":true,"href":"https:\/\/www.sincomam.org.br\/index.php\/wp-json\/wp\/v2\/comments?post=25640"}],"version-history":[{"count":1,"href":"https:\/\/www.sincomam.org.br\/index.php\/wp-json\/wp\/v2\/posts\/25640\/revisions"}],"predecessor-version":[{"id":25641,"href":"https:\/\/www.sincomam.org.br\/index.php\/wp-json\/wp\/v2\/posts\/25640\/revisions\/25641"}],"wp:featuredmedia":[{"embeddable":true,"href":"https:\/\/www.sincomam.org.br\/index.php\/wp-json\/wp\/v2\/media\/19480"}],"wp:attachment":[{"href":"https:\/\/www.sincomam.org.br\/index.php\/wp-json\/wp\/v2\/media?parent=25640"}],"wp:term":[{"taxonomy":"category","embeddable":true,"href":"https:\/\/www.sincomam.org.br\/index.php\/wp-json\/wp\/v2\/categories?post=25640"},{"taxonomy":"post_tag","embeddable":true,"href":"https:\/\/www.sincomam.org.br\/index.php\/wp-json\/wp\/v2\/tags?post=25640"}],"curies":[{"name":"wp","href":"https:\/\/api.w.org\/{rel}","templated":true}]}}