{"id":25613,"date":"2017-12-14T00:07:02","date_gmt":"2017-12-14T02:07:02","guid":{"rendered":"http:\/\/sincomam.org.br\/?p=25613"},"modified":"2017-12-12T22:07:46","modified_gmt":"2017-12-13T00:07:46","slug":"senado-reduz-prazo-de-isencoes-da-mp-do-repetro-e-medida-volta-a-camara","status":"publish","type":"post","link":"https:\/\/www.sincomam.org.br\/index.php\/senado-reduz-prazo-de-isencoes-da-mp-do-repetro-e-medida-volta-a-camara\/","title":{"rendered":"Senado reduz prazo de isen\u00e7\u00f5es da MP do Repetro e medida volta \u00e0 C\u00e2mara"},"content":{"rendered":"<p>O Senado Federal aprovou a chamada MP do Repetro, que amplia um regime tribut\u00e1rio especial para as atividades de explora\u00e7\u00e3o, desenvolvimento e produ\u00e7\u00e3o de petr\u00f3leo e g\u00e1s, mas os senadores modificaram parte do texto que veio da C\u00e2mara, reduzindo o prazo de isen\u00e7\u00f5es previstas ao setor de petr\u00f3leo de 2040 para 2022.<\/p>\n<p>Com a mudan\u00e7a, promovida com a anu\u00eancia do governo, a medida precisar\u00e1 passar ainda nesta semana por uma nova an\u00e1lise na C\u00e2mara dos Deputados. Logo ap\u00f3s a conclus\u00e3o da vota\u00e7\u00e3o da medida no Senado, reuni\u00e3o do col\u00e9gio de l\u00edderes da C\u00e2mara decidiu pautar a MP na Casa j\u00e1 na quarta-feira.<\/p>\n<p>A emenda que modificou o texto nesta ter\u00e7a-feira foi sugerida pelo l\u00edder do governo no Senado, Romero Juc\u00e1 (PMDB-RR), para \u201ccorrigir\u201d um dispositivo do texto segundo o qual as suspens\u00f5es de tributos previstas seriam aplicadas sobre fatos geradores ocorridos at\u00e9 31 de dezembro de 2040.<\/p>\n<p>\u201cH\u00e1, de certa forma, um descumprimento do dispositivo legal\u201d, argumentou Juc\u00e1, no plen\u00e1rio do Senado, citando que um prazo superior a cinco anos esbarra em balizas estabelecidas pela Lei Diretrizes Or\u00e7ament\u00e1rias (LDO).<\/p>\n<p>Segundo o l\u00edder do governo, a modifica\u00e7\u00e3o do texto n\u00e3o impede a concess\u00e3o de isen\u00e7\u00f5es em tributos at\u00e9 2040. Mas os parlamentares ter\u00e3o que, ano a ano, prorrogar o prazo de vig\u00eancia dos benef\u00edcios.<\/p>\n<p>Fonte: Reuters<\/p>\n","protected":false},"excerpt":{"rendered":"<p>O Senado Federal aprovou a chamada MP do Repetro, que amplia um regime tribut\u00e1rio especial para as atividades de explora\u00e7\u00e3o, desenvolvimento e produ\u00e7\u00e3o de petr\u00f3leo&#8230;<\/p>\n","protected":false},"author":1182,"featured_media":17575,"comment_status":"closed","ping_status":"closed","sticky":false,"template":"","format":"standard","meta":{"footnotes":""},"categories":[6],"tags":[],"class_list":["post-25613","post","type-post","status-publish","format-standard","has-post-thumbnail","hentry","category-noticias"],"_links":{"self":[{"href":"https:\/\/www.sincomam.org.br\/index.php\/wp-json\/wp\/v2\/posts\/25613","targetHints":{"allow":["GET"]}}],"collection":[{"href":"https:\/\/www.sincomam.org.br\/index.php\/wp-json\/wp\/v2\/posts"}],"about":[{"href":"https:\/\/www.sincomam.org.br\/index.php\/wp-json\/wp\/v2\/types\/post"}],"author":[{"embeddable":true,"href":"https:\/\/www.sincomam.org.br\/index.php\/wp-json\/wp\/v2\/users\/1182"}],"replies":[{"embeddable":true,"href":"https:\/\/www.sincomam.org.br\/index.php\/wp-json\/wp\/v2\/comments?post=25613"}],"version-history":[{"count":1,"href":"https:\/\/www.sincomam.org.br\/index.php\/wp-json\/wp\/v2\/posts\/25613\/revisions"}],"predecessor-version":[{"id":25614,"href":"https:\/\/www.sincomam.org.br\/index.php\/wp-json\/wp\/v2\/posts\/25613\/revisions\/25614"}],"wp:featuredmedia":[{"embeddable":true,"href":"https:\/\/www.sincomam.org.br\/index.php\/wp-json\/wp\/v2\/media\/17575"}],"wp:attachment":[{"href":"https:\/\/www.sincomam.org.br\/index.php\/wp-json\/wp\/v2\/media?parent=25613"}],"wp:term":[{"taxonomy":"category","embeddable":true,"href":"https:\/\/www.sincomam.org.br\/index.php\/wp-json\/wp\/v2\/categories?post=25613"},{"taxonomy":"post_tag","embeddable":true,"href":"https:\/\/www.sincomam.org.br\/index.php\/wp-json\/wp\/v2\/tags?post=25613"}],"curies":[{"name":"wp","href":"https:\/\/api.w.org\/{rel}","templated":true}]}}