{"id":25607,"date":"2017-12-13T00:01:58","date_gmt":"2017-12-13T02:01:58","guid":{"rendered":"http:\/\/sincomam.org.br\/?p=25607"},"modified":"2017-12-12T21:45:06","modified_gmt":"2017-12-12T23:45:06","slug":"dolar-fecha-perto-dos-r333-maior-nivel-em-quase-6-meses","status":"publish","type":"post","link":"https:\/\/www.sincomam.org.br\/index.php\/dolar-fecha-perto-dos-r333-maior-nivel-em-quase-6-meses\/","title":{"rendered":"D\u00f3lar fecha perto dos R$3,33, maior n\u00edvel em quase 6 meses"},"content":{"rendered":"<p>O d\u00f3lar fechou em alta de quase 1 por cento nesta ter\u00e7a-feira, perto de 3,33 reais e no maior n\u00edvel em quase seis meses, em meio a temores de que o governo n\u00e3o conseguir\u00e1 colocar a reforma da Previd\u00eancia em vota\u00e7\u00e3o neste ano.<\/p>\n<p>O<span class=\"highlight\"><span>\u00a0<\/span>d\u00f3lar<span>\u00a0<\/span><\/span>avan\u00e7ou 0,93 por cento, a 3,3281 reais na venda, maior patamar desde 23 de junho (3,3391 reais), acumulando em quatro sess\u00f5es 3,02 por cento de valoriza\u00e7\u00e3o.<\/p>\n<p>Na m\u00e1xima desta sess\u00e3o, a moeda norte-americana foi a 3,3346 reais. O<span class=\"highlight\"><span>\u00a0<\/span>d\u00f3lar<span>\u00a0<\/span><\/span>futuro exibia valoriza\u00e7\u00e3o de cerca de 0,70 por cento no final da tarde.<\/p>\n<p>\u201cO mercado est\u00e1 em compasso de espera\u2026 o volume (de negocia\u00e7\u00f5es), inclusive, tem diminu\u00eddo\u201d, afirmou o operador da corretora H.Commcor Cleber Alessie Machado.<\/p>\n<p>O governo continua trabalhando para conquistar os votos que faltam para aprovar a reforma da Previd\u00eancia ainda neste ano na C\u00e2mara dos Deputados, mas tem enfrentado dificuldades.<\/p>\n<p>Com isso, decidiu antecipar para quinta-feira o in\u00edcio da discuss\u00e3o sobre a proposta no plen\u00e1rio da C\u00e2mara dos Deputados, com o objetivo de ter um quadro real de apoios com que poder\u00e1 contar para tentar votar o texto na pr\u00f3xima semana, disse na v\u00e9spera \u00e0 Reuters uma fonte palaciana.<\/p>\n<p>Apesar disso, diversos interlocutores falaram nesta ter\u00e7a-feira e sinalizaram a possibilidade de a vota\u00e7\u00e3o ficar para o in\u00edcio do pr\u00f3ximo ano, entre eles o ministro da Fazenda, Henrique Meirelles, o presidente Michel Temer, e o presidente da C\u00e2mara, Rodrigo Maia (DEM-RJ).<\/p>\n<p>Este \u00faltimo repetiu que \u00e9 dif\u00edcil votar a reforma na semana que vem, mas garantiu que continua trabalhando neste sentido.<\/p>\n<p>\u201cEssas declara\u00e7\u00f5es diminuem bem as apostas de que a reforma ser\u00e1 votada na pr\u00f3xima semana\u201d, avaliou o operador da Advanced Corretora, Alessandro Faganello.<\/p>\n<p>A expectativa pela vota\u00e7\u00e3o da reforma da Previd\u00eancia e o final do ano t\u00eam enxugado a liquidez do mercado, o que levou o Banco Central a fazer mais um leil\u00e3o de linha, de venda com compromisso de recompra. Novamente, vendeu os 2 bilh\u00f5es de<span class=\"highlight\"><span>\u00a0<\/span>d\u00f3lar<\/span>es ofertados, da mesma forma que ocorreu no dia 5 de dezembro passado.<\/p>\n<p>O BC tamb\u00e9m vendeu o total de at\u00e9 14 mil swaps cambiais tradicionais, equivalentes \u00e0 venda futura de<span class=\"highlight\"><span>\u00a0<\/span>d\u00f3lar<\/span>es, para rolagem do vencimento de janeiro. At\u00e9 agora, rolou o equivalente a 5,6 bilh\u00f5es de<span class=\"highlight\"><span>\u00a0<\/span>d\u00f3lar<\/span>es do total de 9,638 bilh\u00f5es de<span class=\"highlight\"><span>\u00a0<\/span>d\u00f3lar<\/span>es que vencem no m\u00eas que vem.<\/p>\n<p>A trajet\u00f3ria de alta do<span class=\"highlight\"><span>\u00a0<\/span>d\u00f3lar<span>\u00a0<\/span><\/span>ante o real tamb\u00e9m ganhou impulso da performance da moeda no exterior, onde a valoriza\u00e7\u00e3o ganhou tra\u00e7\u00e3o ante divisas de pa\u00edses emergentes como o peso mexicano e a lira turca.<\/p>\n<p>O<span class=\"highlight\"><span>\u00a0<\/span>d\u00f3lar<span>\u00a0<\/span><\/span>tamb\u00e9m avan\u00e7ava ante uma cesta de moedas \u00e0 espera da reuni\u00e3o do Federal Reserve, banco central norte-americano, no dia seguinte, em meio a amplas apostas de que o banco central dos Estados Unidos elevar\u00e1 a taxa de juros pela quinta vez desde o final de 2015.<\/p>\n<p>Fonte: Exame<\/p>\n<div class=\"widget-news widget-box no-margin no-border\"><\/div>\n","protected":false},"excerpt":{"rendered":"<p>O d\u00f3lar fechou em alta de quase 1 por cento nesta ter\u00e7a-feira, perto de 3,33 reais e no maior n\u00edvel em quase seis meses, em&#8230;<\/p>\n","protected":false},"author":1182,"featured_media":18161,"comment_status":"closed","ping_status":"closed","sticky":false,"template":"","format":"standard","meta":{"footnotes":""},"categories":[6],"tags":[],"class_list":["post-25607","post","type-post","status-publish","format-standard","has-post-thumbnail","hentry","category-noticias"],"_links":{"self":[{"href":"https:\/\/www.sincomam.org.br\/index.php\/wp-json\/wp\/v2\/posts\/25607","targetHints":{"allow":["GET"]}}],"collection":[{"href":"https:\/\/www.sincomam.org.br\/index.php\/wp-json\/wp\/v2\/posts"}],"about":[{"href":"https:\/\/www.sincomam.org.br\/index.php\/wp-json\/wp\/v2\/types\/post"}],"author":[{"embeddable":true,"href":"https:\/\/www.sincomam.org.br\/index.php\/wp-json\/wp\/v2\/users\/1182"}],"replies":[{"embeddable":true,"href":"https:\/\/www.sincomam.org.br\/index.php\/wp-json\/wp\/v2\/comments?post=25607"}],"version-history":[{"count":1,"href":"https:\/\/www.sincomam.org.br\/index.php\/wp-json\/wp\/v2\/posts\/25607\/revisions"}],"predecessor-version":[{"id":25608,"href":"https:\/\/www.sincomam.org.br\/index.php\/wp-json\/wp\/v2\/posts\/25607\/revisions\/25608"}],"wp:featuredmedia":[{"embeddable":true,"href":"https:\/\/www.sincomam.org.br\/index.php\/wp-json\/wp\/v2\/media\/18161"}],"wp:attachment":[{"href":"https:\/\/www.sincomam.org.br\/index.php\/wp-json\/wp\/v2\/media?parent=25607"}],"wp:term":[{"taxonomy":"category","embeddable":true,"href":"https:\/\/www.sincomam.org.br\/index.php\/wp-json\/wp\/v2\/categories?post=25607"},{"taxonomy":"post_tag","embeddable":true,"href":"https:\/\/www.sincomam.org.br\/index.php\/wp-json\/wp\/v2\/tags?post=25607"}],"curies":[{"name":"wp","href":"https:\/\/api.w.org\/{rel}","templated":true}]}}