{"id":25597,"date":"2017-12-13T00:10:54","date_gmt":"2017-12-13T02:10:54","guid":{"rendered":"http:\/\/sincomam.org.br\/?p=25597"},"modified":"2017-12-12T19:27:23","modified_gmt":"2017-12-12T21:27:23","slug":"ibovespa-sobe-139-apos-noticia-sobre-julgamento-de-lula","status":"publish","type":"post","link":"https:\/\/www.sincomam.org.br\/index.php\/ibovespa-sobe-139-apos-noticia-sobre-julgamento-de-lula\/","title":{"rendered":"Ibovespa sobe 1,39% ap\u00f3s not\u00edcia sobre julgamento de Lula"},"content":{"rendered":"<p>A instabilidade foi a principal caracter\u00edstica do preg\u00e3o no \u00cdndice Bovespa nesta ter\u00e7a-feira, 12, que alternou altas e baixas in\u00fameras vezes ao longo do preg\u00e3o e terminou o dia aos 73.813,53 pontos, na m\u00e1xima do dia, com alta de 1,39%. As incertezas quanto \u00e0 aprova\u00e7\u00e3o da reforma da Previd\u00eancia continuaram no centro das aten\u00e7\u00f5es, favorecendo a volatilidade das a\u00e7\u00f5es ao longo do dia. Mas foi nos minutos finais de negocia\u00e7\u00e3o que a alta se consolidou, a partir da not\u00edcia de que o TRF-4 marcou o julgamento do ex-presidente Luiz In\u00e1cio Lula da Silva na Lava Jato para o dia 24 de janeiro.<\/p>\n<p>\u201c\u00c9 uma not\u00edcia que gera otimismo no mercado, pois ao menos teremos a possibilidade de um cen\u00e1rio eleitoral menos nervoso em 2018\u201d, disse em tom de comemora\u00e7\u00e3o um analista nos minutos finais do preg\u00e3o.<\/p>\n<p>Com a informa\u00e7\u00e3o sobre o julgamento de Lula, as a\u00e7\u00f5es do setor financeiro foram as primeiras a mostrar recupera\u00e7\u00e3o, o que acabou por ser determinante para os ganhos do Ibovespa. Bloco de maior peso na composi\u00e7\u00e3o do Ibovespa, os pap\u00e9is de maior destaque nesse grupo foram Banco do Brasil ON (+2,19%) e Bradesco ON (+2,03%). Os pap\u00e9is da Petrobras operaram em queda na maior parte do dia, alinhados \u00e0 queda do petr\u00f3leo. No final, as a\u00e7\u00f5es da petroleira tamb\u00e9m refletiram a mudan\u00e7a na percep\u00e7\u00e3o de risco pol\u00edtico e terminaram o dia com altas de 1,38% (ON) e 0,72% (PN).<\/p>\n<p>Ao longo do preg\u00e3o, um dos principais fatores de instabilidade do Ibovespa foi a atua\u00e7\u00e3o de investidores do mercado de op\u00e7\u00f5es sobre o \u00edndice, cujo vencimento acontece nesta quarta-feira. Outros afirmam que a altern\u00e2ncia de sinais foi resultado da pr\u00f3pria indefini\u00e7\u00e3o e retra\u00e7\u00e3o do mercado, cujas opera\u00e7\u00f5es t\u00eam se concentrado no curto prazo. \u00c0 medida que o tempo passa e os integrantes do governo se manifestam, cresce o ceticismo de alguns e a tens\u00e3o de outros em rela\u00e7\u00e3o \u00e0 reforma da Previd\u00eancia.<\/p>\n<p>\u201cO mercado j\u00e1 aceitou que n\u00e3o vai haver vota\u00e7\u00e3o da reforma este ano. Assim, na aus\u00eancia de algum fato mais concreto, o impacto das declara\u00e7\u00f5es de membros do governo tende a diminuir\u201d, disse Fabr\u00edcio Stigliano, analista da Walpires Corretora. \u201cAinda assim, apostamos na manuten\u00e7\u00e3o de um mercado mais vol\u00e1til at\u00e9 o final de dezembro, num contexto de menor volume financeiro\u201d, afirmou.<\/p>\n<p>Em suas manifesta\u00e7\u00f5es p\u00fablicas do dia, o presidente Michel Temer emitiu sinais divergentes no que diz respeito \u00e0 vota\u00e7\u00e3o da reforma. Em almo\u00e7o oferecido ao presidente da Maced\u00f4nia Gjorge Ivanov, ele disse que o governo vai avaliar at\u00e9 segunda-feira (18) se tem a quantidade m\u00ednima de votos necess\u00e1rios para aprovar a proposta. Caso contr\u00e1rio, as discuss\u00f5es seriam encerradas na C\u00e2mara e a vota\u00e7\u00e3o ficaria para fevereiro de 2018. Horas depois, fez um apelo \u00e0 classe pol\u00edtica em favor da aprova\u00e7\u00e3o neste ano. \u201c\u00c9 fundamental que votemos a reforma da Previd\u00eancia ainda este ano\u201d, disse Temer.<\/p>\n<div class=\"d8qzBCct\">\n<div id=\"admateria3\" data-google-query-id=\"CKTgvsy0hdgCFcQMhgodggoLbQ\">\n<div id=\"google_ads_iframe_\/22452847\/IEDinheiro_Internas\/financas_10__container__\">Fonte: Exame<\/div>\n<\/div>\n<\/div>\n","protected":false},"excerpt":{"rendered":"<p>A instabilidade foi a principal caracter\u00edstica do preg\u00e3o no \u00cdndice Bovespa nesta ter\u00e7a-feira, 12, que alternou altas e baixas in\u00fameras vezes ao longo do preg\u00e3o&#8230;<\/p>\n","protected":false},"author":1182,"featured_media":18708,"comment_status":"closed","ping_status":"closed","sticky":false,"template":"","format":"standard","meta":{"footnotes":""},"categories":[6],"tags":[],"class_list":["post-25597","post","type-post","status-publish","format-standard","has-post-thumbnail","hentry","category-noticias"],"_links":{"self":[{"href":"https:\/\/www.sincomam.org.br\/index.php\/wp-json\/wp\/v2\/posts\/25597","targetHints":{"allow":["GET"]}}],"collection":[{"href":"https:\/\/www.sincomam.org.br\/index.php\/wp-json\/wp\/v2\/posts"}],"about":[{"href":"https:\/\/www.sincomam.org.br\/index.php\/wp-json\/wp\/v2\/types\/post"}],"author":[{"embeddable":true,"href":"https:\/\/www.sincomam.org.br\/index.php\/wp-json\/wp\/v2\/users\/1182"}],"replies":[{"embeddable":true,"href":"https:\/\/www.sincomam.org.br\/index.php\/wp-json\/wp\/v2\/comments?post=25597"}],"version-history":[{"count":1,"href":"https:\/\/www.sincomam.org.br\/index.php\/wp-json\/wp\/v2\/posts\/25597\/revisions"}],"predecessor-version":[{"id":25598,"href":"https:\/\/www.sincomam.org.br\/index.php\/wp-json\/wp\/v2\/posts\/25597\/revisions\/25598"}],"wp:featuredmedia":[{"embeddable":true,"href":"https:\/\/www.sincomam.org.br\/index.php\/wp-json\/wp\/v2\/media\/18708"}],"wp:attachment":[{"href":"https:\/\/www.sincomam.org.br\/index.php\/wp-json\/wp\/v2\/media?parent=25597"}],"wp:term":[{"taxonomy":"category","embeddable":true,"href":"https:\/\/www.sincomam.org.br\/index.php\/wp-json\/wp\/v2\/categories?post=25597"},{"taxonomy":"post_tag","embeddable":true,"href":"https:\/\/www.sincomam.org.br\/index.php\/wp-json\/wp\/v2\/tags?post=25597"}],"curies":[{"name":"wp","href":"https:\/\/api.w.org\/{rel}","templated":true}]}}