{"id":25591,"date":"2017-12-12T00:20:32","date_gmt":"2017-12-12T02:20:32","guid":{"rendered":"http:\/\/sincomam.org.br\/?p=25591"},"modified":"2017-12-11T18:53:19","modified_gmt":"2017-12-11T20:53:19","slug":"juiz-aceita-denuncia-e-rocha-loures-vira-reu-por-corrupcao-no-caso-da-mala","status":"publish","type":"post","link":"https:\/\/www.sincomam.org.br\/index.php\/juiz-aceita-denuncia-e-rocha-loures-vira-reu-por-corrupcao-no-caso-da-mala\/","title":{"rendered":"Juiz aceita den\u00fancia, e Rocha Loures vira r\u00e9u por corrup\u00e7\u00e3o no &#8216;caso da mala&#8217;"},"content":{"rendered":"<div class=\"mc-column content-text active-extra-styles active-capital-letter\" data-block-type=\"unstyled\" data-block-weight=\"57\" data-block-id=\"2\">\n<p class=\"content-text__container theme-color-primary-first-letter\" data-track-category=\"Link no Texto\" data-track-links=\"\">A Justi\u00e7a Federal no Distrito Federal recebeu a den\u00fancia oferecida pela Procuradoria-Geral da Rep\u00fablica (PGR) contra o ex-deputado Rodrigo Rocha Loures (PMDB-PR), pelo crime de corrup\u00e7\u00e3o passiva. Com isso, o pol\u00edtico se torna r\u00e9u no processo, relacionado \u00e0<span>\u00a0mala com R$ 500 mil\u00a0<\/span>recebida em um restaurante em S\u00e3o Paulo, em abril deste ano.<\/p>\n<\/div>\n<div class=\"mc-column content-text active-extra-styles \" data-block-type=\"unstyled\" data-block-weight=\"34\" data-block-id=\"3\">\n<p class=\"content-text__container \" data-track-category=\"Link no Texto\" data-track-links=\"\">A decis\u00e3o \u00e9 do juiz Jaime Travassos Sarinho, da 10\u00aa Vara Federal, respons\u00e1vel pelo processo na primeira inst\u00e2ncia. A den\u00fancia foi apresentada ao Supremo Tribunal Federal (STF) e tamb\u00e9m cita o presidente Michel Temer.<\/p>\n<\/div>\n<div class=\"mc-column content-text active-extra-styles \" data-block-type=\"unstyled\" data-block-weight=\"30\" data-block-id=\"4\">\n<p class=\"content-text__container \" data-track-category=\"Link no Texto\" data-track-links=\"\">Segundo a PGR, Loures era o operador de Temer para assuntos do grupo J&amp;F. Todos os envolvidos negam. Em novembro, o Minist\u00e9rio P\u00fablico Federal do DF ratificou (confirmou) a den\u00fancia.<\/p>\n<\/div>\n<div class=\"mc-column content-text active-extra-styles \" data-block-type=\"unstyled\" data-block-weight=\"45\" data-block-id=\"5\">\n<p class=\"content-text__container \" data-track-category=\"Link no Texto\" data-track-links=\"\">Como Loures perdeu o foro privilegiado, as acusa\u00e7\u00f5es foram desmembradas pelo ministro Edson Fachin, em agosto. A acusa\u00e7\u00e3o contra Michel Temer foi suspensa por decis\u00e3o da C\u00e2mara e s\u00f3 voltar\u00e1 a tramitar ap\u00f3s o fim do mandato do presidente, em 31 de dezembro de 2018.<\/p>\n<\/div>\n<div class=\"mc-column content-text active-extra-styles \" data-block-type=\"unstyled\" data-block-weight=\"55\" data-block-id=\"6\">\n<p class=\"content-text__container \" data-track-category=\"Link no Texto\" data-track-links=\"\">Em nota, o advogado de defesa de Loures, Cezar Bittencourt, afirmou ao<span>\u00a0<\/span><strong>G1<span>\u00a0<\/span><\/strong>que ainda n\u00e3o teve acesso \u00e0 den\u00fancia. Segundo ele, a manuten\u00e7\u00e3o do processo na 10\u00aa Vara Federal descumpre decis\u00e3o da C\u00e2mara Federal e a Constitui\u00e7\u00e3o &#8220;porque indiretamente estar\u00e1 sendo julgado o Presidente, visto que os fatos e as provas s\u00e3o as mesmas&#8221;.<\/p>\n<\/div>\n<div class=\"mc-column content-text active-extra-styles \" data-block-type=\"unstyled\" data-block-weight=\"48\" data-block-id=\"7\">\n<p class=\"content-text__container \" data-track-category=\"Link no Texto\" data-track-links=\"\">O recebimento da den\u00fancia n\u00e3o torna Rocha Loures culpado ou condenado pelo crime, e indica apenas que o juiz viu &#8220;ind\u00edcios&#8221; de culpa. A condena\u00e7\u00e3o ou absolvi\u00e7\u00e3o do ex-deputado ser\u00e1 definida em julgamento, ap\u00f3s coleta de provas e depoimento de testemunhas. N\u00e3o h\u00e1 data prevista para essa an\u00e1lise.<\/p>\n<p>Fonte: G1<\/p>\n<\/div>\n","protected":false},"excerpt":{"rendered":"<p>A Justi\u00e7a Federal no Distrito Federal recebeu a den\u00fancia oferecida pela Procuradoria-Geral da Rep\u00fablica (PGR) contra o ex-deputado Rodrigo Rocha Loures (PMDB-PR), pelo crime de&#8230;<\/p>\n","protected":false},"author":1182,"featured_media":18121,"comment_status":"closed","ping_status":"closed","sticky":false,"template":"","format":"standard","meta":{"footnotes":""},"categories":[6],"tags":[],"class_list":["post-25591","post","type-post","status-publish","format-standard","has-post-thumbnail","hentry","category-noticias"],"_links":{"self":[{"href":"https:\/\/www.sincomam.org.br\/index.php\/wp-json\/wp\/v2\/posts\/25591","targetHints":{"allow":["GET"]}}],"collection":[{"href":"https:\/\/www.sincomam.org.br\/index.php\/wp-json\/wp\/v2\/posts"}],"about":[{"href":"https:\/\/www.sincomam.org.br\/index.php\/wp-json\/wp\/v2\/types\/post"}],"author":[{"embeddable":true,"href":"https:\/\/www.sincomam.org.br\/index.php\/wp-json\/wp\/v2\/users\/1182"}],"replies":[{"embeddable":true,"href":"https:\/\/www.sincomam.org.br\/index.php\/wp-json\/wp\/v2\/comments?post=25591"}],"version-history":[{"count":1,"href":"https:\/\/www.sincomam.org.br\/index.php\/wp-json\/wp\/v2\/posts\/25591\/revisions"}],"predecessor-version":[{"id":25592,"href":"https:\/\/www.sincomam.org.br\/index.php\/wp-json\/wp\/v2\/posts\/25591\/revisions\/25592"}],"wp:featuredmedia":[{"embeddable":true,"href":"https:\/\/www.sincomam.org.br\/index.php\/wp-json\/wp\/v2\/media\/18121"}],"wp:attachment":[{"href":"https:\/\/www.sincomam.org.br\/index.php\/wp-json\/wp\/v2\/media?parent=25591"}],"wp:term":[{"taxonomy":"category","embeddable":true,"href":"https:\/\/www.sincomam.org.br\/index.php\/wp-json\/wp\/v2\/categories?post=25591"},{"taxonomy":"post_tag","embeddable":true,"href":"https:\/\/www.sincomam.org.br\/index.php\/wp-json\/wp\/v2\/tags?post=25591"}],"curies":[{"name":"wp","href":"https:\/\/api.w.org\/{rel}","templated":true}]}}