{"id":25589,"date":"2017-12-12T00:12:54","date_gmt":"2017-12-12T02:12:54","guid":{"rendered":"http:\/\/sincomam.org.br\/?p=25589"},"modified":"2017-12-11T18:49:18","modified_gmt":"2017-12-11T20:49:18","slug":"tre-torna-eduardo-paes-e-pedro-paulo-inelegiveis-em-2018","status":"publish","type":"post","link":"https:\/\/www.sincomam.org.br\/index.php\/tre-torna-eduardo-paes-e-pedro-paulo-inelegiveis-em-2018\/","title":{"rendered":"TRE torna Eduardo Paes e Pedro Paulo ineleg\u00edveis em 2018"},"content":{"rendered":"<p>O TRE-RJ acaba de decidir, em uma decis\u00e3o un\u00e2nime, pela inelegibilidade de Eduardo Paes e do deputado federal Pedro Paulo em 2018. Pedro Paulo foi o candidato do ex-prefeito do Rio de Janeiro para suced\u00ea-lo nas \u00faltimas elei\u00e7\u00f5es.<\/p>\n<p>A decis\u00e3o foi tomada a partir de uma a\u00e7\u00e3o de Marcelo Freixo, deputado estadual e advers\u00e1rio de Pedro Paulo nas \u00faltimas elei\u00e7\u00f5es.\u00a0<\/p>\n<p>Na a\u00e7\u00e3o, Freixo acusa a gest\u00e3o de Paes de usar a prefeitura para contratar, por R$ 7 milh\u00f5es, uma empresa para elaborar o plano de governo de Pedro Paulo.<\/p>\n<p>Paes e Pedro Paulo podem recorrer.<\/p>\n<p>Fonte: Jornal O Globo<\/p>\n","protected":false},"excerpt":{"rendered":"<p>O TRE-RJ acaba de decidir, em uma decis\u00e3o un\u00e2nime, pela inelegibilidade de Eduardo Paes e do deputado federal Pedro Paulo em 2018. Pedro Paulo foi&#8230;<\/p>\n","protected":false},"author":1182,"featured_media":19013,"comment_status":"closed","ping_status":"closed","sticky":false,"template":"","format":"standard","meta":{"footnotes":""},"categories":[6],"tags":[],"class_list":["post-25589","post","type-post","status-publish","format-standard","has-post-thumbnail","hentry","category-noticias"],"_links":{"self":[{"href":"https:\/\/www.sincomam.org.br\/index.php\/wp-json\/wp\/v2\/posts\/25589","targetHints":{"allow":["GET"]}}],"collection":[{"href":"https:\/\/www.sincomam.org.br\/index.php\/wp-json\/wp\/v2\/posts"}],"about":[{"href":"https:\/\/www.sincomam.org.br\/index.php\/wp-json\/wp\/v2\/types\/post"}],"author":[{"embeddable":true,"href":"https:\/\/www.sincomam.org.br\/index.php\/wp-json\/wp\/v2\/users\/1182"}],"replies":[{"embeddable":true,"href":"https:\/\/www.sincomam.org.br\/index.php\/wp-json\/wp\/v2\/comments?post=25589"}],"version-history":[{"count":1,"href":"https:\/\/www.sincomam.org.br\/index.php\/wp-json\/wp\/v2\/posts\/25589\/revisions"}],"predecessor-version":[{"id":25590,"href":"https:\/\/www.sincomam.org.br\/index.php\/wp-json\/wp\/v2\/posts\/25589\/revisions\/25590"}],"wp:featuredmedia":[{"embeddable":true,"href":"https:\/\/www.sincomam.org.br\/index.php\/wp-json\/wp\/v2\/media\/19013"}],"wp:attachment":[{"href":"https:\/\/www.sincomam.org.br\/index.php\/wp-json\/wp\/v2\/media?parent=25589"}],"wp:term":[{"taxonomy":"category","embeddable":true,"href":"https:\/\/www.sincomam.org.br\/index.php\/wp-json\/wp\/v2\/categories?post=25589"},{"taxonomy":"post_tag","embeddable":true,"href":"https:\/\/www.sincomam.org.br\/index.php\/wp-json\/wp\/v2\/tags?post=25589"}],"curies":[{"name":"wp","href":"https:\/\/api.w.org\/{rel}","templated":true}]}}