{"id":25585,"date":"2017-12-12T00:36:07","date_gmt":"2017-12-12T02:36:07","guid":{"rendered":"http:\/\/sincomam.org.br\/?p=25585"},"modified":"2017-12-11T18:40:37","modified_gmt":"2017-12-11T20:40:37","slug":"mesmo-que-nao-seja-votada-neste-ano-reforma-da-previdencia-nao-saira-da-agenda","status":"publish","type":"post","link":"https:\/\/www.sincomam.org.br\/index.php\/mesmo-que-nao-seja-votada-neste-ano-reforma-da-previdencia-nao-saira-da-agenda\/","title":{"rendered":"Mesmo que n\u00e3o seja votada neste ano, reforma da Previd\u00eancia n\u00e3o sair\u00e1 da agenda"},"content":{"rendered":"<div class=\"mc-column content-text active-extra-styles active-capital-letter\" data-block-type=\"unstyled\" data-block-weight=\"27\" data-block-id=\"1\">\n<p class=\"content-text__container theme-color-primary-first-letter\" data-track-category=\"Link no Texto\" data-track-links=\"\">presidente Michel Temer e seus aliados fazem nesta semana uma ofensiva final para tentar aprovar ainda neste ano a reforma da Previd\u00eancia na C\u00e2mara dos Deputados.<\/p>\n<\/div>\n<div class=\"mc-column content-text active-extra-styles \" data-block-type=\"unstyled\" data-block-weight=\"41\" data-block-id=\"2\">\n<p class=\"content-text__container \" data-track-category=\"Link no Texto\" data-track-links=\"\">Se n\u00e3o conseguirem, j\u00e1 est\u00e3o mandando um recado para quem tem a expectativa de tirar o assunto do debate no ano eleitoral: o<span>\u00a0tema n\u00e3o sair\u00e1 da agenda em 2018,<\/span><span>\u00a0<\/span>e o governo seguir\u00e1 tentando aprovar as novas regras de aposentadoria.<\/p>\n<\/div>\n<div class=\"mc-column content-text active-extra-styles \" data-block-type=\"unstyled\" data-block-weight=\"22\" data-block-id=\"3\">\n<p class=\"content-text__container \" data-track-category=\"Link no Texto\" data-track-links=\"\">A mensagem est\u00e1 presente nas entrevistas concedidas tanto por Temer como pelo presidente da C\u00e2mara dos Deputados, Rodrigo Maia, nos \u00faltimos dias.<\/p>\n<\/div>\n<div class=\"mc-column content-text active-extra-styles \" data-block-type=\"unstyled\" data-block-weight=\"37\" data-block-id=\"4\">\n<p class=\"content-text__container \" data-track-category=\"Link no Texto\" data-track-links=\"\">No domingo (10), em Buenos Aires, Temer foi claro<span>\u00a0<\/span>ao dizer que, se n\u00e3o for poss\u00edvel aprovar na C\u00e2mara neste ano, o governo quer encerrar a discuss\u00e3o na Casa agora e vot\u00e1-la no in\u00edcio do pr\u00f3ximo ano.<\/p>\n<\/div>\n<div class=\"mc-column content-text active-extra-styles \" data-block-type=\"unstyled\" data-block-weight=\"43\" data-block-id=\"5\">\n<p class=\"content-text__container \" data-track-category=\"Link no Texto\" data-track-links=\"\">Rodrigo Maia foi na mesma linha nesta segunda-feira<span>\u00a0<\/span>(11). Ao dizer que n\u00e3o colocar\u00e1 a reforma da Previd\u00eancia para votar semana que vem se houver risco de derrota, o presidente da C\u00e2mara afirmou que isso n\u00e3o significa que a proposta sair\u00e1 da agenda.<\/p>\n<\/div>\n<div class=\"mc-column content-text active-extra-styles \" data-block-type=\"unstyled\" data-block-weight=\"18\" data-block-id=\"6\">\n<p class=\"content-text__container \" data-track-category=\"Link no Texto\" data-track-links=\"\">&#8220;A reforma n\u00e3o sair\u00e1 da pauta no ano que vem, vamos insistir na sua vota\u00e7\u00e3o&#8221;, afirmou Rodrigo Maia.<\/p>\n<\/div>\n<div class=\"mc-column content-text active-extra-styles \" data-block-type=\"unstyled\" data-block-weight=\"32\" data-block-id=\"7\">\n<p class=\"content-text__container \" data-track-category=\"Link no Texto\" data-track-links=\"\">A estrat\u00e9gia de Temer e Maia \u00e9 dirigida aos aliados que apostam numa desist\u00eancia do governo de seguir tentando votar a reforma caso n\u00e3o seja aprovada neste ano na C\u00e2mara dos Deputados.<\/p>\n<\/div>\n<div class=\"mc-column content-text active-extra-styles \" data-block-type=\"unstyled\" data-block-weight=\"39\" data-block-id=\"8\">\n<p class=\"content-text__container \" data-track-category=\"Link no Texto\" data-track-links=\"\">Em outras palavras, aqueles que tentam fugir da discuss\u00e3o sobre a reforma da Previd\u00eancia n\u00e3o v\u00e3o escapar do debate no ano eleitoral. Da\u00ed que seria melhor aprovar as novas regras agora e tirar o assunto do debate das elei\u00e7\u00f5es.<\/p>\n<\/div>\n<div class=\"mc-column content-text active-extra-styles \" data-block-type=\"unstyled\" data-block-weight=\"54\" data-block-id=\"9\">\n<p class=\"content-text__container \" data-track-category=\"Link no Texto\" data-track-links=\"\">Temer tem dito nas reuni\u00f5es com sua equipe que decidiu n\u00e3o jogar a toalha em rela\u00e7\u00e3o \u00e0 reforma da Previd\u00eancia. Avalia que, se n\u00e3o for votada agora na C\u00e2mara e no in\u00edcio do ano que vem no Senado, as mudan\u00e7as na aposentadoria dos brasileiros ser\u00e1 um dos principais temas da campanha eleitoral de 2018.<\/p>\n<\/div>\n<div class=\"mc-column content-text active-extra-styles \" data-block-type=\"unstyled\" data-block-weight=\"52\" data-block-id=\"10\">\n<p class=\"content-text__container \" data-track-category=\"Link no Texto\" data-track-links=\"\">A\u00ed, tem afirmado o presidente, os parlamentares e candidatos ter\u00e3o de se expor sobre o tema. E o governo seguir\u00e1 na sua campanha de esclarecimento, mostrando que, sem a reforma, a crise fiscal se agravar\u00e1, e o pagamento das aposentadorias correr\u00e1 risco no futuro, tal como aconteceu em pa\u00edses como a Gr\u00e9cia.<\/p>\n<\/div>\n<div class=\"content-ads content-ads--reveal\" data-block-type=\"ads\" data-block-id=\"11\">\n<div data-id=\"banner_materia2\" class=\"tag-manager-publicidade-container has-reveal has-ad-lazyload tag-manager-publicidade-banner_materia2 tag-manager-publicidade-container--carregado tag-manager-publicidade-container--visivel\" id=\"banner_materia2\" data-google-query-id=\"CMLPlJXngtgCFQEWhwodwTkBYw\" data-cid=\"138219485217\" data-lid=\"4512552613\">\n<div id=\"google_ads_iframe_\/95377733\/tvg_G1\/Politica_2__container__\">Nesta segunda (11), como parte da ofensiva pela aprova\u00e7\u00e3o da reforma, Temer se reuniu com representantes dos minist\u00e9rios de Cidades, Integra\u00e7\u00e3o Nacional e Sa\u00fade para identificar pend\u00eancias de pedidos de deputados da base aliada e buscar uma solu\u00e7\u00e3o.<\/div>\n<\/div>\n<\/div>\n<div data-track-category=\"fim do conteudo\" data-track-action=\"ultimo chunk conteudo\" data-track-noninteraction=\"false\" data-track-scroll=\"entrada completa viewport\">\n<div class=\"mc-column content-text active-extra-styles \" data-block-type=\"unstyled\" data-block-weight=\"40\" data-block-id=\"13\">\n<p class=\"content-text__container \" data-track-category=\"Link no Texto\" data-track-links=\"\">A ordem \u00e9 atender tudo o que for poss\u00edvel a fim de tentar atingir os votos necess\u00e1rios para aprovar a reforma (308 na C\u00e2mara). Al\u00e9m de cargos, Temer iria tratar com seus auxiliares da libera\u00e7\u00e3o de recursos de emendas parlamentares.<\/p>\n<p>Fonte: G1<\/p>\n<\/div>\n<\/div>\n","protected":false},"excerpt":{"rendered":"<p>presidente Michel Temer e seus aliados fazem nesta semana uma ofensiva final para tentar aprovar ainda neste ano a reforma da Previd\u00eancia na C\u00e2mara dos&#8230;<\/p>\n","protected":false},"author":1182,"featured_media":19480,"comment_status":"closed","ping_status":"closed","sticky":false,"template":"","format":"standard","meta":{"footnotes":""},"categories":[6],"tags":[],"class_list":["post-25585","post","type-post","status-publish","format-standard","has-post-thumbnail","hentry","category-noticias"],"_links":{"self":[{"href":"https:\/\/www.sincomam.org.br\/index.php\/wp-json\/wp\/v2\/posts\/25585","targetHints":{"allow":["GET"]}}],"collection":[{"href":"https:\/\/www.sincomam.org.br\/index.php\/wp-json\/wp\/v2\/posts"}],"about":[{"href":"https:\/\/www.sincomam.org.br\/index.php\/wp-json\/wp\/v2\/types\/post"}],"author":[{"embeddable":true,"href":"https:\/\/www.sincomam.org.br\/index.php\/wp-json\/wp\/v2\/users\/1182"}],"replies":[{"embeddable":true,"href":"https:\/\/www.sincomam.org.br\/index.php\/wp-json\/wp\/v2\/comments?post=25585"}],"version-history":[{"count":1,"href":"https:\/\/www.sincomam.org.br\/index.php\/wp-json\/wp\/v2\/posts\/25585\/revisions"}],"predecessor-version":[{"id":25586,"href":"https:\/\/www.sincomam.org.br\/index.php\/wp-json\/wp\/v2\/posts\/25585\/revisions\/25586"}],"wp:featuredmedia":[{"embeddable":true,"href":"https:\/\/www.sincomam.org.br\/index.php\/wp-json\/wp\/v2\/media\/19480"}],"wp:attachment":[{"href":"https:\/\/www.sincomam.org.br\/index.php\/wp-json\/wp\/v2\/media?parent=25585"}],"wp:term":[{"taxonomy":"category","embeddable":true,"href":"https:\/\/www.sincomam.org.br\/index.php\/wp-json\/wp\/v2\/categories?post=25585"},{"taxonomy":"post_tag","embeddable":true,"href":"https:\/\/www.sincomam.org.br\/index.php\/wp-json\/wp\/v2\/tags?post=25585"}],"curies":[{"name":"wp","href":"https:\/\/api.w.org\/{rel}","templated":true}]}}