{"id":25491,"date":"2017-12-04T09:53:48","date_gmt":"2017-12-04T11:53:48","guid":{"rendered":"http:\/\/sincomam.org.br\/?p=25491"},"modified":"2017-12-04T09:53:48","modified_gmt":"2017-12-04T11:53:48","slug":"embarque-de-milho-do-pais-em-novembro-cai-ante-outubro-anec-esperava-mais-no-ano","status":"publish","type":"post","link":"https:\/\/www.sincomam.org.br\/index.php\/embarque-de-milho-do-pais-em-novembro-cai-ante-outubro-anec-esperava-mais-no-ano\/","title":{"rendered":"Embarque de milho do pa\u00eds em novembro cai ante outubro; Anec esperava mais no ano"},"content":{"rendered":"<p>A exporta\u00e7\u00e3o de milho do Brasil em novembro totalizou 4,2 milh\u00f5es de toneladas, ante 4,4 milh\u00f5es em outubro, apontou nesta sexta-feira a Associa\u00e7\u00e3o Nacional dos Exportadores de Cereais(Anec), que estimou embarques em 2017 menores do que as expectativas, devido a lentas vendas de produtores.<\/p>\n<p>A Anec disse ainda que cerca de 2,4 milh\u00f5es de toneladas de milho est\u00e3o programadas para embarque em dezembro.<\/p>\n<p>No acumulado do ano at\u00e9 novembro, as exporta\u00e7\u00f5es de milho do Brasil, que tem sido o segundo exportador global atr\u00e1s dos EUA, atingiram 25,7 milh\u00f5es de toneladas, alta de mais de 50 por cento em rela\u00e7\u00e3o ao mesmo per\u00edodo do ano passado, quando o pa\u00eds lidou com uma severa quebra de safra.<\/p>\n<p>No entanto, os embarques dever\u00e3o ficar aqu\u00e9m das expectativas.<\/p>\n<p>Em evento no \u00faltimo dia 23, integrantes da Anec chegaram a afirmar que as exporta\u00e7\u00f5es em 2017 poderiam atingir cerca de 33 milh\u00f5es de toneladas, acima das expectativas da associa\u00e7\u00e3o do in\u00edcio de novembro, de 30 milh\u00f5es de toneladas.<\/p>\n<p>Mas em nota nesta sexta-feira a associa\u00e7\u00e3o afirmou que a estimativa \u00e9 de que, \u201cat\u00e9 o final do ano, o Brasil encerre o per\u00edodo com um resultado de aproximadamente 30 milh\u00f5es de toneladas\u201d.<\/p>\n<p>IN\u00cdCIO DE 2018<\/p>\n<p>A Anec ressaltou que, apesar da \u201c\u00f3tima recupera\u00e7\u00e3o das exporta\u00e7\u00f5es de milho neste ano ap\u00f3s as perdas de 2016\u201d, os resultados deste ano poderiam ser ainda melhores &#8211;considerando o recorde na safra passada&#8211; \u201cn\u00e3o fossem os baixos valores das cota\u00e7\u00f5es de milho no mercado que v\u00eam dificultando a comercializa\u00e7\u00e3o do gr\u00e3o pelos produtores\u201d.<\/p>\n<p>As lentas vendas reduziram a oferta do produto dispon\u00edvel para a exporta\u00e7\u00e3o neste ano, mas h\u00e1 indica\u00e7\u00f5es de que haver\u00e1 disponibilidade do produto para embarques no in\u00edcio de 2018.<\/p>\n<p>\u201cTal fato deve fazer com que grande parte do milho colhido na safrinha seja exportado somente no in\u00edcio de 2018\u201d.<\/p>\n<p>SOJA RECORDE<\/p>\n<p>J\u00e1 os embarques de soja em novembro somaram 1,880 milh\u00e3o de toneladas, melhor resultado j\u00e1 obtido em toda a hist\u00f3ria de exporta\u00e7\u00e3o deste gr\u00e3o para o m\u00eas, fazendo com que as exporta\u00e7\u00f5es do ano sejam estimadas agora na faixa mais alta da proje\u00e7\u00e3o anterior da entidade.<\/p>\n<p>Ante outubro, os embarques do pa\u00eds registraram queda de quase 1 milh\u00e3o de toneladas.<\/p>\n<p>Nesta \u00e9poca do ano, os volumes da oleaginosa na exporta\u00e7\u00e3o v\u00e3o sendo reduzidos devido \u00e0 queda na disponibilidade ap\u00f3s o pico da temporada de vendas externas, o que deixa mais espa\u00e7o para operadores trabalharem com milho nos portos.<\/p>\n<p>No acumulado do ano at\u00e9 novembro, os embarques brasileiros de soja do Brasil, o maior exportador global, totalizaram 65,3 milh\u00f5es de toneladas e est\u00e3o a caminho de um recorde pr\u00f3ximo a 67 milh\u00f5es de toneladas.<\/p>\n<p>H\u00e1 cerca de uma semana, executivos da Anec falaram em embarques no ano entre 66 milh\u00f5es e 67 milh\u00f5es em 2017.<\/p>\n<p>Os embarques de soja programados para dezembro totalizam at\u00e9 o momento 1,6 milh\u00e3o de toneladas.<\/p>\n<p>A maior parte da soja que ainda segue sendo embarcada no pa\u00eds est\u00e1 concentrada em portos da regi\u00e3o Sul e Sudeste, principalmente em Rio Grande e Paranagu\u00e1.<\/p>\n<p>Fonte: Reuters<\/p>\n","protected":false},"excerpt":{"rendered":"<p>A exporta\u00e7\u00e3o de milho do Brasil em novembro totalizou 4,2 milh\u00f5es de toneladas, ante 4,4 milh\u00f5es em outubro, apontou nesta sexta-feira a Associa\u00e7\u00e3o Nacional dos&#8230;<\/p>\n","protected":false},"author":1182,"featured_media":17820,"comment_status":"closed","ping_status":"closed","sticky":false,"template":"","format":"standard","meta":{"footnotes":""},"categories":[6],"tags":[],"class_list":["post-25491","post","type-post","status-publish","format-standard","has-post-thumbnail","hentry","category-noticias"],"_links":{"self":[{"href":"https:\/\/www.sincomam.org.br\/index.php\/wp-json\/wp\/v2\/posts\/25491","targetHints":{"allow":["GET"]}}],"collection":[{"href":"https:\/\/www.sincomam.org.br\/index.php\/wp-json\/wp\/v2\/posts"}],"about":[{"href":"https:\/\/www.sincomam.org.br\/index.php\/wp-json\/wp\/v2\/types\/post"}],"author":[{"embeddable":true,"href":"https:\/\/www.sincomam.org.br\/index.php\/wp-json\/wp\/v2\/users\/1182"}],"replies":[{"embeddable":true,"href":"https:\/\/www.sincomam.org.br\/index.php\/wp-json\/wp\/v2\/comments?post=25491"}],"version-history":[{"count":1,"href":"https:\/\/www.sincomam.org.br\/index.php\/wp-json\/wp\/v2\/posts\/25491\/revisions"}],"predecessor-version":[{"id":25492,"href":"https:\/\/www.sincomam.org.br\/index.php\/wp-json\/wp\/v2\/posts\/25491\/revisions\/25492"}],"wp:featuredmedia":[{"embeddable":true,"href":"https:\/\/www.sincomam.org.br\/index.php\/wp-json\/wp\/v2\/media\/17820"}],"wp:attachment":[{"href":"https:\/\/www.sincomam.org.br\/index.php\/wp-json\/wp\/v2\/media?parent=25491"}],"wp:term":[{"taxonomy":"category","embeddable":true,"href":"https:\/\/www.sincomam.org.br\/index.php\/wp-json\/wp\/v2\/categories?post=25491"},{"taxonomy":"post_tag","embeddable":true,"href":"https:\/\/www.sincomam.org.br\/index.php\/wp-json\/wp\/v2\/tags?post=25491"}],"curies":[{"name":"wp","href":"https:\/\/api.w.org\/{rel}","templated":true}]}}