{"id":25480,"date":"2017-12-01T00:10:31","date_gmt":"2017-12-01T02:10:31","guid":{"rendered":"http:\/\/sincomam.org.br\/?p=25480"},"modified":"2017-11-30T22:45:41","modified_gmt":"2017-12-01T00:45:41","slug":"producao-de-aco-deve-crescer-92-em-2017","status":"publish","type":"post","link":"https:\/\/www.sincomam.org.br\/index.php\/producao-de-aco-deve-crescer-92-em-2017\/","title":{"rendered":"Produ\u00e7\u00e3o de a\u00e7o deve crescer 9,2% em 2017"},"content":{"rendered":"<p>O Instituto A\u00e7o Brasil estima que a produ\u00e7\u00e3o de a\u00e7o bruto deve crescer 9,2% no pa\u00eds em 2017, na compara\u00e7\u00e3o com o ano passado, para 34,154 milh\u00f5es de toneladas. No acumulado de janeiro a outubro, a produ\u00e7\u00e3o aumentou 8,5%, para 28,5 milh\u00f5es de toneladas. Em julho, o setor esperava avan\u00e7o de 3,8% no ano. O aumento da produ\u00e7\u00e3o, diz a entidade, ser\u00e1 reflexo da entrada em opera\u00e7\u00e3o da Companhia Sider\u00fargica do Pec\u00e9m (CSP).<\/p>\n<p>Apesar do avan\u00e7o neste ano, o setor avalia que o crescimento da atividade econ\u00f4mica nacional \u00e9 lento e ainda n\u00e3o suficiente para que a ind\u00fastria do a\u00e7o se recupere. No ano passado, a produ\u00e7\u00e3o do setor havia recuado 6%, para 31,275 milh\u00f5es de toneladas, conforme as estat\u00edsticas do instituto.<\/p>\n<p>\u201cO setor viveu a pior crise de sua hist\u00f3ria\u201d, disse Alexandre de Campos Lyra, presidente do conselho diretor do Instituto A\u00e7o Brasil.<\/p>\n<p>O A\u00e7o Brasil espera que as vendas de a\u00e7o no mercado dom\u00e9stico cres\u00e7am 1,2% em 2017, na compara\u00e7\u00e3o ao ano passado. Pela previs\u00e3o divulgada em julho, o setor esperava queda de 1,3% em 2017, frente ao ano anterior. \u201cO resultado \u00e9 t\u00edmido para recuperar as perdas do ano passado\u201d, disse Lyra.<\/p>\n<p>Esse aumento nas vendas, al\u00e9m da entrada em opera\u00e7\u00e3o da CSP, est\u00e1 relacionado ao desempenho das exporta\u00e7\u00f5es e a uma base baixa de compara\u00e7\u00e3o. Al\u00e9m disso, a ind\u00fastria automobil\u00edstica revisou para cima sua previs\u00e3o de produ\u00e7\u00e3o no ano.<\/p>\n<p>Segundo o instituto, o consumo aparente de a\u00e7o deve crescer 5,2% neste ano, frente ao ano passado. Este consumo, por\u00e9m, vai ser \u201csignificativamente suprido pelas importa\u00e7\u00f5es, cuja previs\u00e3o de crescimento \u00e9 de 33,5% neste ano\u201d, de acordo com nota divulgada pelo A\u00e7o Brasil nesta quinta-feira.<\/p>\n<p>Os representantes das empresas do setor avaliam que a efetiva recupera\u00e7\u00e3o da ind\u00fastria de a\u00e7o e da ind\u00fastria de transforma\u00e7\u00e3o em geral depende do governo corrigir \u201cassimetrias competitivas\u201d, como elevados custos financeiros e cumulatividade de tributos.<\/p>\n<p>De acordo com o A\u00e7o Brasil, as vendas do setor s\u00f3 devem recuperar, em 2028, os n\u00edveis de vendas ao mercado interno vistos em 2013. \u201cForam 78 unidades de produ\u00e7\u00e3o paralisadas no fim do ano passado. Adiamos US$ 3 bilh\u00f5es em investimento por causa da crise\u201d, disse Marco Polo de Mello Lopes, presidente executivo do Instituto A\u00e7o Brasil.<\/p>\n<p>Ainda de acordo com a entidade, as vendas internas acumularam queda 32,2% de 2013 a 2016.<\/p>\n<p>Segregando os dados apenas de outubro, a produ\u00e7\u00e3o de a\u00e7o bruto no pa\u00eds ficou em 3,045 milh\u00f5es de toneladas, uma alta de 3,9% frente a igual m\u00eas do ano passado. J\u00e1 as vendas internas subiram 6,8% na mesma compara\u00e7\u00e3o, para 1,468 milh\u00f5es de toneladas.<\/p>\n<p>Fonte: Valor<\/p>\n","protected":false},"excerpt":{"rendered":"<p>O Instituto A\u00e7o Brasil estima que a produ\u00e7\u00e3o de a\u00e7o bruto deve crescer 9,2% no pa\u00eds em 2017, na compara\u00e7\u00e3o com o ano passado, para&#8230;<\/p>\n","protected":false},"author":1182,"featured_media":18586,"comment_status":"closed","ping_status":"closed","sticky":false,"template":"","format":"standard","meta":{"footnotes":""},"categories":[6],"tags":[],"class_list":["post-25480","post","type-post","status-publish","format-standard","has-post-thumbnail","hentry","category-noticias"],"_links":{"self":[{"href":"https:\/\/www.sincomam.org.br\/index.php\/wp-json\/wp\/v2\/posts\/25480","targetHints":{"allow":["GET"]}}],"collection":[{"href":"https:\/\/www.sincomam.org.br\/index.php\/wp-json\/wp\/v2\/posts"}],"about":[{"href":"https:\/\/www.sincomam.org.br\/index.php\/wp-json\/wp\/v2\/types\/post"}],"author":[{"embeddable":true,"href":"https:\/\/www.sincomam.org.br\/index.php\/wp-json\/wp\/v2\/users\/1182"}],"replies":[{"embeddable":true,"href":"https:\/\/www.sincomam.org.br\/index.php\/wp-json\/wp\/v2\/comments?post=25480"}],"version-history":[{"count":1,"href":"https:\/\/www.sincomam.org.br\/index.php\/wp-json\/wp\/v2\/posts\/25480\/revisions"}],"predecessor-version":[{"id":25481,"href":"https:\/\/www.sincomam.org.br\/index.php\/wp-json\/wp\/v2\/posts\/25480\/revisions\/25481"}],"wp:featuredmedia":[{"embeddable":true,"href":"https:\/\/www.sincomam.org.br\/index.php\/wp-json\/wp\/v2\/media\/18586"}],"wp:attachment":[{"href":"https:\/\/www.sincomam.org.br\/index.php\/wp-json\/wp\/v2\/media?parent=25480"}],"wp:term":[{"taxonomy":"category","embeddable":true,"href":"https:\/\/www.sincomam.org.br\/index.php\/wp-json\/wp\/v2\/categories?post=25480"},{"taxonomy":"post_tag","embeddable":true,"href":"https:\/\/www.sincomam.org.br\/index.php\/wp-json\/wp\/v2\/tags?post=25480"}],"curies":[{"name":"wp","href":"https:\/\/api.w.org\/{rel}","templated":true}]}}