{"id":25457,"date":"2017-11-30T00:15:13","date_gmt":"2017-11-30T02:15:13","guid":{"rendered":"http:\/\/sincomam.org.br\/?p=25457"},"modified":"2017-11-29T08:45:28","modified_gmt":"2017-11-29T10:45:28","slug":"paranagua-atinge-marca-historica-de-exportacao-de-veiculos","status":"publish","type":"post","link":"https:\/\/www.sincomam.org.br\/index.php\/paranagua-atinge-marca-historica-de-exportacao-de-veiculos\/","title":{"rendered":"Paranagu\u00e1 atinge marca hist\u00f3rica de exporta\u00e7\u00e3o de ve\u00edculos"},"content":{"rendered":"<p><span>Mais uma marca hist\u00f3rica foi alcan\u00e7ada pelo Porto de Paranagu\u00e1 no \u00faltimo s\u00e1bado (25). Em um registro in\u00e9dito, 5.530 ve\u00edculos foram contabilizados na faixa portu\u00e1ria e nos p\u00e1tios de autom\u00f3veis simultaneamente. Os carros s\u00e3o das marcas Renault, Volkswagen e BMW e est\u00e3o sendo exportados nesta semana para a Argentina, o M\u00e9xico e os EUA.<\/span><\/p>\n<p><span>Somente em 2017, j\u00e1 foram exportados 92.469 ve\u00edculos e esse n\u00famero n\u00e3o para de crescer. A expectativa da Administra\u00e7\u00e3o dos Portos de Paranagu\u00e1 e Antonina (Appa) \u00e9 a de fechar o ano com a exporta\u00e7\u00e3o de mais de 100 mil unidades, uma marca jamais alcan\u00e7ada antes.<\/span><\/p>\n<p><span>O diretor-presidente da Appa, Luiz Henrique Dividino, atribui o recorde de movimenta\u00e7\u00e3o ao mercado, \u00e0 capacidade de resposta dos operadores portu\u00e1rios de Paranagu\u00e1 e ao novo layout operacional do cais do porto \u2013 que tem permitido uma movimenta\u00e7\u00e3o nunca vista.<\/span><\/p>\n<p><span>\u201cCom o novo layout, aumentamos em 36% a \u00e1rea para movimenta\u00e7\u00e3o de cargas especiais, utilizada para o armazenamento de ve\u00edculos. Com isso, em 2017, teremos o maior volume de autom\u00f3veis j\u00e1 exportados e em 2018 a responsabilidade ser\u00e1 ainda maior\u201d, explicou Dividino.<\/span><\/p>\n<p><span>DESTAQUE \u2013 Al\u00e9m do aumento da capacidade de armazenamento de cargas especiais, incluindo ve\u00edculos, o Porto de Paranagu\u00e1 cumpre as exig\u00eancias dos fabricantes, como a exist\u00eancia de rampas espec\u00edficas para o embarque das mercadorias. Esses aspectos contribu\u00edram para que o porto paranaense se tornasse o segundo do pa\u00eds em movimenta\u00e7\u00e3o de autom\u00f3veis.<\/span><\/p>\n<p><span>\u201cO aumento da capacidade de armazenamento j\u00e1 \u00e9 um atrativo enorme a quem exporta ou importa. Al\u00e9m desse aspecto, o porto paranaense tem se destacado com as boas condi\u00e7\u00f5es de movimenta\u00e7\u00e3o, apresentando baixa incid\u00eancia de avarias. Isso tudo faz diferen\u00e7a e justifica o excelente desempenho do Porto de Paranagu\u00e1\u201d, enfatizou o secret\u00e1rio de Infraestrutura e Log\u00edstica, Jos\u00e9 Richa Filho.<\/span><\/p>\n<p><span>CRESCIMENTO \u2013 A crescente movimenta\u00e7\u00e3o de ve\u00edculos aponta para a diversifica\u00e7\u00e3o de cargas operadas no Porto de Paranagu\u00e1 e vem batendo sucessivos recordes. De acordo com o relat\u00f3rio divulgado pela Appa, a exporta\u00e7\u00e3o de ve\u00edculos aumentou cerca de 25% em compara\u00e7\u00e3o a 2016, com uma m\u00e9dia de 8.500 unidades embarcadas por m\u00eas, contra 6.800 mensais no ano passado.\u00a0\u00a0\u00a0<span>\u00a0<\/span><\/span><\/p>\n<p><span>Fonte: Bem Paran\u00e1<\/span><\/p>\n","protected":false},"excerpt":{"rendered":"<p>Mais uma marca hist\u00f3rica foi alcan\u00e7ada pelo Porto de Paranagu\u00e1 no \u00faltimo s\u00e1bado (25). Em um registro in\u00e9dito, 5.530 ve\u00edculos foram contabilizados na faixa portu\u00e1ria&#8230;<\/p>\n","protected":false},"author":1182,"featured_media":18377,"comment_status":"closed","ping_status":"closed","sticky":false,"template":"","format":"standard","meta":{"footnotes":""},"categories":[6],"tags":[],"class_list":["post-25457","post","type-post","status-publish","format-standard","has-post-thumbnail","hentry","category-noticias"],"_links":{"self":[{"href":"https:\/\/www.sincomam.org.br\/index.php\/wp-json\/wp\/v2\/posts\/25457","targetHints":{"allow":["GET"]}}],"collection":[{"href":"https:\/\/www.sincomam.org.br\/index.php\/wp-json\/wp\/v2\/posts"}],"about":[{"href":"https:\/\/www.sincomam.org.br\/index.php\/wp-json\/wp\/v2\/types\/post"}],"author":[{"embeddable":true,"href":"https:\/\/www.sincomam.org.br\/index.php\/wp-json\/wp\/v2\/users\/1182"}],"replies":[{"embeddable":true,"href":"https:\/\/www.sincomam.org.br\/index.php\/wp-json\/wp\/v2\/comments?post=25457"}],"version-history":[{"count":1,"href":"https:\/\/www.sincomam.org.br\/index.php\/wp-json\/wp\/v2\/posts\/25457\/revisions"}],"predecessor-version":[{"id":25458,"href":"https:\/\/www.sincomam.org.br\/index.php\/wp-json\/wp\/v2\/posts\/25457\/revisions\/25458"}],"wp:featuredmedia":[{"embeddable":true,"href":"https:\/\/www.sincomam.org.br\/index.php\/wp-json\/wp\/v2\/media\/18377"}],"wp:attachment":[{"href":"https:\/\/www.sincomam.org.br\/index.php\/wp-json\/wp\/v2\/media?parent=25457"}],"wp:term":[{"taxonomy":"category","embeddable":true,"href":"https:\/\/www.sincomam.org.br\/index.php\/wp-json\/wp\/v2\/categories?post=25457"},{"taxonomy":"post_tag","embeddable":true,"href":"https:\/\/www.sincomam.org.br\/index.php\/wp-json\/wp\/v2\/tags?post=25457"}],"curies":[{"name":"wp","href":"https:\/\/api.w.org\/{rel}","templated":true}]}}