{"id":25427,"date":"2017-11-29T00:26:59","date_gmt":"2017-11-29T02:26:59","guid":{"rendered":"http:\/\/sincomam.org.br\/?p=25427"},"modified":"2017-11-28T22:27:44","modified_gmt":"2017-11-29T00:27:44","slug":"porto-de-cabedelo-tera-movimentacao-intensa-em-dezembro","status":"publish","type":"post","link":"https:\/\/www.sincomam.org.br\/index.php\/porto-de-cabedelo-tera-movimentacao-intensa-em-dezembro\/","title":{"rendered":"Porto de Cabedelo ter\u00e1 movimenta\u00e7\u00e3o intensa em dezembro"},"content":{"rendered":"<p>A Companhia Docas da Para\u00edba (Docas-PB) j\u00e1 tem programada para o m\u00eas de dezembro uma intensa movimenta\u00e7\u00e3o no Porto de Cabedelo, com previs\u00e3o de atraca\u00e7\u00e3o de oito navios, sendo cinco com cargas importadas e a sa\u00edda de tr\u00eas navios para exporta\u00e7\u00e3o.<\/p>\n<p>Somente os oito navios v\u00e3o movimentar mais de 85 mil toneladas de produtos, sendo que esta previs\u00e3o ainda n\u00e3o contabiliza a chegada de navios com derivados de petr\u00f3leo, uma das cargas que mais passam pelo porto.<\/p>\n<p>Ao todo, tr\u00eas carregamentos de trigo chegar\u00e3o da Argentina: o primeiro no dia 4, com a previs\u00e3o de desembarque de 11 mil toneladas. J\u00e1 no dia 7, ser\u00e3o 12 mil toneladas e no dia 11 desembarcam mais 10 mil toneladas do produto.<\/p>\n<p>O malte tamb\u00e9m \u00e9 outra carga que chegar\u00e1 para abastecer o mercado cervejeiro. Nove mil toneladas do produto est\u00e1 prevista para chegar no dia 11, procedente do Uruguai.<\/p>\n<p>Ainda vai chegar, no dia 20 de dezembro, 8,1 mil toneladas de bentonita procedente dos Estados Unidos.<\/p>\n<p>Exporta\u00e7\u00e3o \u2013 Tamb\u00e9m est\u00e3o programadas sa\u00eddas de tr\u00eas navios com carregados: no dia 4 de dezembro, seguiram viagem 20 mil toneladas de ilmenita para a Ucr\u00e2nia; no dia 18, 3.500 toneladas de granito ser\u00e3o enviadas para a It\u00e1lia e, no dia 28, mais 12 mil toneladas de ilmenita ser\u00e3o exportadas para a Europa.<\/p>\n<p>Fonte: Secom-PB<\/p>\n<div class=\"jwDisqusForm\"><\/div>\n","protected":false},"excerpt":{"rendered":"<p>A Companhia Docas da Para\u00edba (Docas-PB) j\u00e1 tem programada para o m\u00eas de dezembro uma intensa movimenta\u00e7\u00e3o no Porto de Cabedelo, com previs\u00e3o de atraca\u00e7\u00e3o&#8230;<\/p>\n","protected":false},"author":1182,"featured_media":10000,"comment_status":"closed","ping_status":"closed","sticky":false,"template":"","format":"standard","meta":{"footnotes":""},"categories":[6],"tags":[],"class_list":["post-25427","post","type-post","status-publish","format-standard","has-post-thumbnail","hentry","category-noticias"],"_links":{"self":[{"href":"https:\/\/www.sincomam.org.br\/index.php\/wp-json\/wp\/v2\/posts\/25427","targetHints":{"allow":["GET"]}}],"collection":[{"href":"https:\/\/www.sincomam.org.br\/index.php\/wp-json\/wp\/v2\/posts"}],"about":[{"href":"https:\/\/www.sincomam.org.br\/index.php\/wp-json\/wp\/v2\/types\/post"}],"author":[{"embeddable":true,"href":"https:\/\/www.sincomam.org.br\/index.php\/wp-json\/wp\/v2\/users\/1182"}],"replies":[{"embeddable":true,"href":"https:\/\/www.sincomam.org.br\/index.php\/wp-json\/wp\/v2\/comments?post=25427"}],"version-history":[{"count":1,"href":"https:\/\/www.sincomam.org.br\/index.php\/wp-json\/wp\/v2\/posts\/25427\/revisions"}],"predecessor-version":[{"id":25428,"href":"https:\/\/www.sincomam.org.br\/index.php\/wp-json\/wp\/v2\/posts\/25427\/revisions\/25428"}],"wp:featuredmedia":[{"embeddable":true,"href":"https:\/\/www.sincomam.org.br\/index.php\/wp-json\/wp\/v2\/media\/10000"}],"wp:attachment":[{"href":"https:\/\/www.sincomam.org.br\/index.php\/wp-json\/wp\/v2\/media?parent=25427"}],"wp:term":[{"taxonomy":"category","embeddable":true,"href":"https:\/\/www.sincomam.org.br\/index.php\/wp-json\/wp\/v2\/categories?post=25427"},{"taxonomy":"post_tag","embeddable":true,"href":"https:\/\/www.sincomam.org.br\/index.php\/wp-json\/wp\/v2\/tags?post=25427"}],"curies":[{"name":"wp","href":"https:\/\/api.w.org\/{rel}","templated":true}]}}