{"id":25414,"date":"2017-11-28T00:30:28","date_gmt":"2017-11-28T02:30:28","guid":{"rendered":"http:\/\/sincomam.org.br\/?p=25414"},"modified":"2017-11-27T21:46:17","modified_gmt":"2017-11-27T23:46:17","slug":"petroleo-vai-cair-se-opep-nao-conseguir-prolongar-cortes","status":"publish","type":"post","link":"https:\/\/www.sincomam.org.br\/index.php\/petroleo-vai-cair-se-opep-nao-conseguir-prolongar-cortes\/","title":{"rendered":"Petr\u00f3leo vai cair se Opep n\u00e3o conseguir prolongar cortes"},"content":{"rendered":"<p>Traders e analistas do petr\u00f3leo esperam quase unanimemente que a Opep e a R\u00fassia prolonguem os cortes \u00e0 produ\u00e7\u00e3o na pr\u00f3xima semana. No entanto, nos bastidores, a Ar\u00e1bia Saudita e a R\u00fassia ainda est\u00e3o debatendo sobre o caminho a seguir.<\/p>\n<p>Essas expectativas altas, al\u00e9m do recente aumento das apostas otimistas no petr\u00f3leo bruto, ampliam o risco para os pre\u00e7os se o grupo n\u00e3o conseguir convencer a hesitante R\u00fassia de que \u00e9 necess\u00e1rio concordar imediatamente com uma extens\u00e3o.<\/p>\n<p>\u201cQualquer coisa que n\u00e3o seja uma extens\u00e3o apoiada pela R\u00fassia teria um impacto significativo no pre\u00e7o\u201d, disse Ole Hansen, diretor de estrat\u00e9gia de commodities do Saxo Bank. \u201cEspecialmente devido \u00e0 aposta quase recorde no petr\u00f3leo, que deixou pouca margem de erro para a comunica\u00e7\u00e3o dos ministros da Opep.\u201d<\/p>\n<p>O petr\u00f3leo subiu ao patamar mais alto em dois anos em Nova York na quarta-feira, devido \u00e0 expectativa de que a redu\u00e7\u00e3o das remessas de petr\u00f3leo da Organiza\u00e7\u00e3o dos Pa\u00edses Exportadores de Petr\u00f3leo e de seus aliados diminuir\u00e1 ainda mais a abund\u00e2ncia que vem derrubando os pre\u00e7os h\u00e1 tr\u00eas anos. Os cortes foram bem-sucedidos, mas o trabalho ainda n\u00e3o acabou. Para evitar que o super\u00e1vit do estoque cres\u00e7a novamente, segundo proje\u00e7\u00f5es da Ag\u00eancia Internacional de Energia, a Opep precisaria manter os cortes al\u00e9m do prazo estipulado, que termina em mar\u00e7o.<\/p>\n<p>Isso \u00e9 o que quase todos esperam que aconte\u00e7a. Todos os 36 analistas e traders consultados pela Bloomberg projetavam uma extens\u00e3o, e outros nove meses de cortes foi a previs\u00e3o mais popular.<\/p>\n<p>Este tamb\u00e9m \u00e9 o desejo do maior e mais poderoso membro da Opep. Na semana passada, o ministro da Energia da Ar\u00e1bia Saudita, Khalid Al-Falih, disse \u00e0 Bloomberg Television que o grupo deveria anunciar uma extens\u00e3o das restri\u00e7\u00f5es em Viena porque os estoques excedentes n\u00e3o ter\u00e3o sido eliminados em mar\u00e7o.<\/p>\n<p><strong>Reservas russas<\/strong><\/p>\n<p>No entanto, o principal participante de fora da Opep no acordo tem reservas. A R\u00fassia acredita que \u00e9 cedo demais para anunciar algo neste m\u00eas, disseram duas pessoas com conhecimento do assunto na semana passada. Outra quest\u00e3o foi a dura\u00e7\u00e3o da extens\u00e3o, e op\u00e7\u00f5es como tr\u00eas meses adicionais de cortes est\u00e3o sendo consideradas, disseram.<\/p>\n<p>O Kuwait, o quinto maior produtor da Opep e membro do comit\u00ea que supervisiona o acordo, tamb\u00e9m acredita que a decis\u00e3o de estender deve ser tomada mais perto do fim do prazo, disseram pessoas familiarizadas com o assunto. Ministros dos dois pa\u00edses estabeleceram essa posi\u00e7\u00e3o publicamente na \u00faltima reuni\u00e3o em Viena, em setembro.<\/p>\n<p>A Ar\u00e1bia Saudita realizou consultas \u201cextensas\u201d \u00e0 R\u00fassia e tem \u201cplena certeza\u201d de que esse pa\u00eds estar\u00e1 \u201ctotalmente de acordo\u201d, disse Al-Falih na semana passada. Os analistas mais experientes da Opep tendem a concordar que o membro mais poderoso do grupo prevalecer\u00e1.<\/p>\n<p>\u201cApesar dos sinais de que os russos possam estar em d\u00favida, acho que eles v\u00e3o acabar concordando com uma extens\u00e3o\u201d, mas n\u00e3o ser\u00e1 f\u00e1cil, disse Mike Wittner, diretor de pesquisa do mercado de petr\u00f3leo do Soci\u00e9t\u00e9 G\u00e9n\u00e9rale em Nova York. Talvez os sauditas n\u00e3o consigam os nove meses adicionais de cortes que est\u00e3o querendo e, \u201cse eles n\u00e3o fizerem nada, ser\u00e1 uma grande decep\u00e7\u00e3o para o mercado\u201d.<\/p>\n<p>Fonte: Bloomberg News<\/p>\n","protected":false},"excerpt":{"rendered":"<p>Traders e analistas do petr\u00f3leo esperam quase unanimemente que a Opep e a R\u00fassia prolonguem os cortes \u00e0 produ\u00e7\u00e3o na pr\u00f3xima semana. No entanto, nos&#8230;<\/p>\n","protected":false},"author":1182,"featured_media":17575,"comment_status":"closed","ping_status":"closed","sticky":false,"template":"","format":"standard","meta":{"footnotes":""},"categories":[6],"tags":[],"class_list":["post-25414","post","type-post","status-publish","format-standard","has-post-thumbnail","hentry","category-noticias"],"_links":{"self":[{"href":"https:\/\/www.sincomam.org.br\/index.php\/wp-json\/wp\/v2\/posts\/25414","targetHints":{"allow":["GET"]}}],"collection":[{"href":"https:\/\/www.sincomam.org.br\/index.php\/wp-json\/wp\/v2\/posts"}],"about":[{"href":"https:\/\/www.sincomam.org.br\/index.php\/wp-json\/wp\/v2\/types\/post"}],"author":[{"embeddable":true,"href":"https:\/\/www.sincomam.org.br\/index.php\/wp-json\/wp\/v2\/users\/1182"}],"replies":[{"embeddable":true,"href":"https:\/\/www.sincomam.org.br\/index.php\/wp-json\/wp\/v2\/comments?post=25414"}],"version-history":[{"count":1,"href":"https:\/\/www.sincomam.org.br\/index.php\/wp-json\/wp\/v2\/posts\/25414\/revisions"}],"predecessor-version":[{"id":25415,"href":"https:\/\/www.sincomam.org.br\/index.php\/wp-json\/wp\/v2\/posts\/25414\/revisions\/25415"}],"wp:featuredmedia":[{"embeddable":true,"href":"https:\/\/www.sincomam.org.br\/index.php\/wp-json\/wp\/v2\/media\/17575"}],"wp:attachment":[{"href":"https:\/\/www.sincomam.org.br\/index.php\/wp-json\/wp\/v2\/media?parent=25414"}],"wp:term":[{"taxonomy":"category","embeddable":true,"href":"https:\/\/www.sincomam.org.br\/index.php\/wp-json\/wp\/v2\/categories?post=25414"},{"taxonomy":"post_tag","embeddable":true,"href":"https:\/\/www.sincomam.org.br\/index.php\/wp-json\/wp\/v2\/tags?post=25414"}],"curies":[{"name":"wp","href":"https:\/\/api.w.org\/{rel}","templated":true}]}}