{"id":25412,"date":"2017-11-28T00:10:28","date_gmt":"2017-11-28T02:10:28","guid":{"rendered":"http:\/\/sincomam.org.br\/?p=25412"},"modified":"2017-11-27T21:47:02","modified_gmt":"2017-11-27T23:47:02","slug":"dragagem-do-rio-sao-francisco-entre-alagoas-e-sergipe-comeca-na-proxima-terca-feira","status":"publish","type":"post","link":"https:\/\/www.sincomam.org.br\/index.php\/dragagem-do-rio-sao-francisco-entre-alagoas-e-sergipe-comeca-na-proxima-terca-feira\/","title":{"rendered":"Dragagem do Rio S\u00e3o Francisco, entre Alagoas e Sergipe, come\u00e7a na pr\u00f3xima ter\u00e7a-feira"},"content":{"rendered":"<p>Com previs\u00e3o de investimentos de R$ 9 milh\u00f5es, as obras para melhorias da travessia do Rio S\u00e3o Francisco, entre as cidades e Penedo (AL) e Ne\u00f3polis (SE) e entre P\u00e3o de A\u00e7\u00facar (AL) e Niter\u00f3i (SE), come\u00e7ar\u00e3o na pr\u00f3xima ter\u00e7a-feira (31).<\/p>\n<p>Para garantir a navegabilidade em dois pontos cr\u00edticos do leito fluvial, o Departamento Nacional de Infraestrutura de Transportes (DNIT) coordenar\u00e1 as opera\u00e7\u00f5es para a dragagem do trecho, at\u00e9 maio de 2018.<\/p>\n<p>O ministro dos Transportes, Portos e Avia\u00e7\u00e3o, Maur\u00edcio Quintella, destaca a prioriza\u00e7\u00e3o para a conclus\u00e3o da dragagem. \u201cEsta \u00e9 uma obra fundamental para garantir a seguran\u00e7a de passageiros e de carga para os dois estados\u201d, explicou Quintella.<\/p>\n<p>RIO S\u00c3O FRANCISCO &#8211; O Rio tem baixado com rapidez e, para resolver o problema, o DNIT estima dragar 506 mil m\u00b3 em Penedo, e 285 mil m\u00b3 em P\u00e3o de A\u00e7\u00facar. Somente entre os dias 26 de julho e 1\u00ba de agosto deste ano, o n\u00edvel da \u00e1gua diminuiu cerca de 1,5 metro ao longo desses trechos.<\/p>\n<p>O agravamento das condi\u00e7\u00f5es \u00e9 uma combina\u00e7\u00e3o entre a longa estiagem e a diminui\u00e7\u00e3o da vaz\u00e3o das barragens de Xing\u00f3 e de Sobradinho, que no m\u00eas passado atingiu a menor marca desde o in\u00edcio do funcionamento, em 1979: 550 m\u00b3\/s.<\/p>\n<p>Fonte: Assessoria de Comunica\u00e7\u00e3o do Minist\u00e9rio dos Transportes, Portos e Avia\u00e7\u00e3o Civil<\/p>\n","protected":false},"excerpt":{"rendered":"<p>Com previs\u00e3o de investimentos de R$ 9 milh\u00f5es, as obras para melhorias da travessia do Rio S\u00e3o Francisco, entre as cidades e Penedo (AL) e&#8230;<\/p>\n","protected":false},"author":1182,"featured_media":3259,"comment_status":"closed","ping_status":"closed","sticky":false,"template":"","format":"standard","meta":{"footnotes":""},"categories":[6],"tags":[],"class_list":["post-25412","post","type-post","status-publish","format-standard","has-post-thumbnail","hentry","category-noticias"],"_links":{"self":[{"href":"https:\/\/www.sincomam.org.br\/index.php\/wp-json\/wp\/v2\/posts\/25412","targetHints":{"allow":["GET"]}}],"collection":[{"href":"https:\/\/www.sincomam.org.br\/index.php\/wp-json\/wp\/v2\/posts"}],"about":[{"href":"https:\/\/www.sincomam.org.br\/index.php\/wp-json\/wp\/v2\/types\/post"}],"author":[{"embeddable":true,"href":"https:\/\/www.sincomam.org.br\/index.php\/wp-json\/wp\/v2\/users\/1182"}],"replies":[{"embeddable":true,"href":"https:\/\/www.sincomam.org.br\/index.php\/wp-json\/wp\/v2\/comments?post=25412"}],"version-history":[{"count":1,"href":"https:\/\/www.sincomam.org.br\/index.php\/wp-json\/wp\/v2\/posts\/25412\/revisions"}],"predecessor-version":[{"id":25413,"href":"https:\/\/www.sincomam.org.br\/index.php\/wp-json\/wp\/v2\/posts\/25412\/revisions\/25413"}],"wp:featuredmedia":[{"embeddable":true,"href":"https:\/\/www.sincomam.org.br\/index.php\/wp-json\/wp\/v2\/media\/3259"}],"wp:attachment":[{"href":"https:\/\/www.sincomam.org.br\/index.php\/wp-json\/wp\/v2\/media?parent=25412"}],"wp:term":[{"taxonomy":"category","embeddable":true,"href":"https:\/\/www.sincomam.org.br\/index.php\/wp-json\/wp\/v2\/categories?post=25412"},{"taxonomy":"post_tag","embeddable":true,"href":"https:\/\/www.sincomam.org.br\/index.php\/wp-json\/wp\/v2\/tags?post=25412"}],"curies":[{"name":"wp","href":"https:\/\/api.w.org\/{rel}","templated":true}]}}