{"id":25410,"date":"2017-11-28T00:05:52","date_gmt":"2017-11-28T02:05:52","guid":{"rendered":"http:\/\/sincomam.org.br\/?p=25410"},"modified":"2017-11-28T11:09:29","modified_gmt":"2017-11-28T13:09:29","slug":"projetos-de-infraestrutura-do-governo-federal-serao-debatidos-em-evento-da-usuport","status":"publish","type":"post","link":"https:\/\/www.sincomam.org.br\/index.php\/projetos-de-infraestrutura-do-governo-federal-serao-debatidos-em-evento-da-usuport\/","title":{"rendered":"Projetos de infraestrutura do governo federal ser\u00e3o debatidos em evento da Usuport"},"content":{"rendered":"<p>Os projetos de infraestrutura do governo federal para o Brasil e a Bahia ser\u00e3o apresentados e discutidos durante o 13\u00ba Encontro Anual de Usu\u00e1rios, realizado pela Associa\u00e7\u00e3o de Usu\u00e1rios dos Portos da Bahia &#8211; Usuport, no pr\u00f3ximo dia 29, \u00e0s 14h30, na Federa\u00e7\u00e3o das Ind\u00fastrias do Estado da Bahia, em Salvador. O tema ser\u00e1 abordado em palestra de Diogo Piloni, diretor da Secretaria do Programa de Parcerias de Investimentos (PPI) da Presid\u00eancia da Rep\u00fablica.\u00a0<\/p>\n<p>A vis\u00e3o do Tribunal de Contas da Uni\u00e3o (TCU) para a concess\u00e3o da explora\u00e7\u00e3o de bens p\u00fablicos \u00e9 outra pauta de grande interesse para o segmento portu\u00e1rio, que ser\u00e1 apresentada por Jairo Misson Cordeiro, diretor da Secretaria de Fiscaliza\u00e7\u00e3o de Infraestrutura Portu\u00e1ria e Ferrovi\u00e1ria do TCU. O diretor-Executivo da Usuport, Paulo Villa, tamb\u00e9m far\u00e1 um balan\u00e7o do segmento de log\u00edstica de transportes no estado da Bahia em 2016 e avaliar\u00e1 as perspectivas para 2018. Os debates ter\u00e3o como mediador o jornalista Joaci G\u00f3es.\u00a0<\/p>\n<p>O tradicional evento da Usuport re\u00fane representantes de empresas de com\u00e9rcio exterior, transportadores, operadores, armadores, institui\u00e7\u00f5es governamentais, profissionais, acad\u00eamicos e interessados nos segmentos log\u00edstico e portu\u00e1rio. As inscri\u00e7\u00f5es s\u00e3o gratuitas.<\/p>\n<p>Fonte: Portos e Navios<\/p>\n","protected":false},"excerpt":{"rendered":"<p>Os projetos de infraestrutura do governo federal para o Brasil e a Bahia ser\u00e3o apresentados e discutidos durante o 13\u00ba Encontro Anual de Usu\u00e1rios, realizado&#8230;<\/p>\n","protected":false},"author":1182,"featured_media":19106,"comment_status":"closed","ping_status":"closed","sticky":false,"template":"","format":"standard","meta":{"footnotes":""},"categories":[6],"tags":[],"class_list":["post-25410","post","type-post","status-publish","format-standard","has-post-thumbnail","hentry","category-noticias"],"_links":{"self":[{"href":"https:\/\/www.sincomam.org.br\/index.php\/wp-json\/wp\/v2\/posts\/25410","targetHints":{"allow":["GET"]}}],"collection":[{"href":"https:\/\/www.sincomam.org.br\/index.php\/wp-json\/wp\/v2\/posts"}],"about":[{"href":"https:\/\/www.sincomam.org.br\/index.php\/wp-json\/wp\/v2\/types\/post"}],"author":[{"embeddable":true,"href":"https:\/\/www.sincomam.org.br\/index.php\/wp-json\/wp\/v2\/users\/1182"}],"replies":[{"embeddable":true,"href":"https:\/\/www.sincomam.org.br\/index.php\/wp-json\/wp\/v2\/comments?post=25410"}],"version-history":[{"count":1,"href":"https:\/\/www.sincomam.org.br\/index.php\/wp-json\/wp\/v2\/posts\/25410\/revisions"}],"predecessor-version":[{"id":25411,"href":"https:\/\/www.sincomam.org.br\/index.php\/wp-json\/wp\/v2\/posts\/25410\/revisions\/25411"}],"wp:featuredmedia":[{"embeddable":true,"href":"https:\/\/www.sincomam.org.br\/index.php\/wp-json\/wp\/v2\/media\/19106"}],"wp:attachment":[{"href":"https:\/\/www.sincomam.org.br\/index.php\/wp-json\/wp\/v2\/media?parent=25410"}],"wp:term":[{"taxonomy":"category","embeddable":true,"href":"https:\/\/www.sincomam.org.br\/index.php\/wp-json\/wp\/v2\/categories?post=25410"},{"taxonomy":"post_tag","embeddable":true,"href":"https:\/\/www.sincomam.org.br\/index.php\/wp-json\/wp\/v2\/tags?post=25410"}],"curies":[{"name":"wp","href":"https:\/\/api.w.org\/{rel}","templated":true}]}}