{"id":25408,"date":"2017-11-28T00:39:53","date_gmt":"2017-11-28T02:39:53","guid":{"rendered":"http:\/\/sincomam.org.br\/?p=25408"},"modified":"2017-11-27T21:45:46","modified_gmt":"2017-11-27T23:45:46","slug":"pgr-pede-ao-stf-que-nao-paralise-inquerito-sobre-politicos-do-pmdb","status":"publish","type":"post","link":"https:\/\/www.sincomam.org.br\/index.php\/pgr-pede-ao-stf-que-nao-paralise-inquerito-sobre-politicos-do-pmdb\/","title":{"rendered":"PGR pede ao STF que n\u00e3o paralise inqu\u00e9rito sobre pol\u00edticos do PMDB"},"content":{"rendered":"<p>A Procuradoria Geral da Rep\u00fablica (PGR) enviou parecer ao Supremo Tribunal Federal (STF) no qual pediu para o inqu\u00e9rito que investiga pol\u00edticos do PMDB por<span>\u00a0organiza\u00e7\u00e3o criminosa<\/span><span>\u00a0<\/span>n\u00e3o ser paralisado.<\/p>\n<div class=\"mc-column content-text active-extra-styles \" data-block-type=\"unstyled\" data-block-weight=\"23\" data-block-id=\"2\">\n<p class=\"content-text__container \" data-track-category=\"Link no Texto\" data-track-links=\"\">S\u00e3o alvos desse inqu\u00e9rito, por exemplo, o presidente Michel Temer, o ex-ministro Geddel Vieira Lima (PMDB-BA) e o deputado cassado Eduardo Cunha (PMDB-RJ).<\/p>\n<\/div>\n<div class=\"mc-column content-text active-extra-styles \" data-block-type=\"unstyled\" data-block-weight=\"39\" data-block-id=\"3\">\n<p class=\"content-text__container \" data-track-category=\"Link no Texto\" data-track-links=\"\">As defesas de investigados t\u00eam pedido ao Supremo para suspender o inqu\u00e9rito, mas o relator, ministro Luiz Edson Fachin, j\u00e1 decidiu submeter ao plen\u00e1rio do STF<span>\u00a0<\/span>a palavra final sobre paralisar ou n\u00e3o as investiga\u00e7\u00f5es.\u00a0<\/p>\n<div class=\"mc-column content-text active-extra-styles \" data-block-type=\"unstyled\" data-block-weight=\"34\" data-block-id=\"5\">\n<p class=\"content-text__container \" data-track-category=\"Link no Texto\" data-track-links=\"\">O argumento apresentado por advogados \u00e9 que, como os pol\u00edticos foram acusados de forma conjunta com Temer por organiza\u00e7\u00e3o criminosa, devem continuar no mesmo processo do presidente,<span>\u00a0suspenso<\/span><span>\u00a0<\/span>por decis\u00e3o da C\u00e2mara dos Deputados.<\/p>\n<\/div>\n<div class=\"mc-column content-text active-extra-styles \" data-block-type=\"unstyled\" data-block-weight=\"24\" data-block-id=\"6\">\n<p class=\"content-text__container \" data-track-category=\"Link no Texto\" data-track-links=\"\">Tamb\u00e9m est\u00e3o suspensas as investiga\u00e7\u00f5es sobre os ministros Eliseu Padilha (Casa Civil) e Moreira Franco (Secretaria-Geral) porque eles t\u00eam direito ao chamado &#8220;foro privilegiado&#8221;.<\/p>\n<\/div>\n<div class=\"mc-column content-text active-extra-styles \" data-block-type=\"unstyled\" data-block-weight=\"27\" data-block-id=\"7\">\n<p class=\"content-text__container \" data-track-category=\"Link no Texto\" data-track-links=\"\">J\u00e1 as investiga\u00e7\u00f5es sobre pol\u00edticos do PMDB sem foro, como Geddel, Cunha e o ex-assessor de Temer Rodrigo Rocha Loures, foram remetidas \u00e0 primeira inst\u00e2ncia da Justi\u00e7a.<\/p>\n<div class=\"mc-column content-text active-extra-styles\" data-block-type=\"raw\" data-block-weight=\"3\" data-block-id=\"10\">\n<div class=\"content-intertitle\">\n<h2>Pedido de Temer<\/h2>\n<\/div>\n<\/div>\n<div class=\"mc-column content-text active-extra-styles \" data-block-type=\"unstyled\" data-block-weight=\"41\" data-block-id=\"11\">\n<p class=\"content-text__container \" data-track-category=\"Link no Texto\" data-track-links=\"\">No \u00faltimo dia 9, o advogado do presidente Michel Temer, Eduardo Carnel\u00f3s, questionou no STF a decis\u00e3o de Fachin de fatiar a den\u00fancia. Para Carnel\u00f3s, a continuidade dos processos em rela\u00e7\u00e3o a outros acusados pode produzir provas contra Temer, temporariamente blindado.<\/p>\n<\/div>\n<div data-track-category=\"fim do conteudo\" data-track-action=\"ultimo chunk conteudo\" data-track-noninteraction=\"false\" data-track-scroll=\"entrada completa viewport\">\n<div class=\"mc-column content-text active-extra-styles \" data-block-type=\"unstyled\" data-block-weight=\"43\" data-block-id=\"12\">\n<p class=\"content-text__container \" data-track-category=\"Link no Texto\" data-track-links=\"\">No pedido, o advogado tamb\u00e9m argumentou que o prosseguimento do processo em rela\u00e7\u00e3o aos outros pol\u00edticos do PMDB levar\u00e1 ao &#8220;consistente e perigos\u00edssimo risco de ocorrer colheita de prova sem a participa\u00e7\u00e3o daqueles que, no futuro, poder\u00e3o vir a ser atingidos por ela&#8221;.<\/p>\n<p>Fonte: G1<\/p>\n<\/div>\n<\/div>\n<\/div>\n<p class=\"content-text__container \" data-track-category=\"Link no Texto\" data-track-links=\"\">\n<\/div>\n","protected":false},"excerpt":{"rendered":"<p>A Procuradoria Geral da Rep\u00fablica (PGR) enviou parecer ao Supremo Tribunal Federal (STF) no qual pediu para o inqu\u00e9rito que investiga pol\u00edticos do PMDB por\u00a0organiza\u00e7\u00e3o&#8230;<\/p>\n","protected":false},"author":1182,"featured_media":19480,"comment_status":"closed","ping_status":"closed","sticky":false,"template":"","format":"standard","meta":{"footnotes":""},"categories":[6],"tags":[],"class_list":["post-25408","post","type-post","status-publish","format-standard","has-post-thumbnail","hentry","category-noticias"],"_links":{"self":[{"href":"https:\/\/www.sincomam.org.br\/index.php\/wp-json\/wp\/v2\/posts\/25408","targetHints":{"allow":["GET"]}}],"collection":[{"href":"https:\/\/www.sincomam.org.br\/index.php\/wp-json\/wp\/v2\/posts"}],"about":[{"href":"https:\/\/www.sincomam.org.br\/index.php\/wp-json\/wp\/v2\/types\/post"}],"author":[{"embeddable":true,"href":"https:\/\/www.sincomam.org.br\/index.php\/wp-json\/wp\/v2\/users\/1182"}],"replies":[{"embeddable":true,"href":"https:\/\/www.sincomam.org.br\/index.php\/wp-json\/wp\/v2\/comments?post=25408"}],"version-history":[{"count":1,"href":"https:\/\/www.sincomam.org.br\/index.php\/wp-json\/wp\/v2\/posts\/25408\/revisions"}],"predecessor-version":[{"id":25409,"href":"https:\/\/www.sincomam.org.br\/index.php\/wp-json\/wp\/v2\/posts\/25408\/revisions\/25409"}],"wp:featuredmedia":[{"embeddable":true,"href":"https:\/\/www.sincomam.org.br\/index.php\/wp-json\/wp\/v2\/media\/19480"}],"wp:attachment":[{"href":"https:\/\/www.sincomam.org.br\/index.php\/wp-json\/wp\/v2\/media?parent=25408"}],"wp:term":[{"taxonomy":"category","embeddable":true,"href":"https:\/\/www.sincomam.org.br\/index.php\/wp-json\/wp\/v2\/categories?post=25408"},{"taxonomy":"post_tag","embeddable":true,"href":"https:\/\/www.sincomam.org.br\/index.php\/wp-json\/wp\/v2\/tags?post=25408"}],"curies":[{"name":"wp","href":"https:\/\/api.w.org\/{rel}","templated":true}]}}