{"id":25406,"date":"2017-11-28T00:01:43","date_gmt":"2017-11-28T02:01:43","guid":{"rendered":"http:\/\/sincomam.org.br\/?p=25406"},"modified":"2017-11-27T21:47:18","modified_gmt":"2017-11-27T23:47:18","slug":"relator-na-camara-espera-aprovar-fim-do-foro-privilegiado-em-2018","status":"publish","type":"post","link":"https:\/\/www.sincomam.org.br\/index.php\/relator-na-camara-espera-aprovar-fim-do-foro-privilegiado-em-2018\/","title":{"rendered":"Relator na C\u00e2mara espera aprovar fim do foro privilegiado em 2018"},"content":{"rendered":"<div class=\"mc-column content-text active-extra-styles active-capital-letter\" data-block-type=\"unstyled\" data-block-weight=\"39\" data-block-id=\"2\">\n<p class=\"content-text__container theme-color-primary-first-letter\" data-track-category=\"Link no Texto\" data-track-links=\"\">O relator da Proposta de Emenda \u00e0 Constitui\u00e7\u00e3o (PEC) que p\u00f5e fim ao foro privilegiado em casos de crimes comuns, deputado Efraim Filho (DEM-PB), disse em entrevista ao<b> <\/b>esperar que a mudan\u00e7a seja aprovada em 2018 no Congresso.<\/p>\n<\/div>\n<div class=\"mc-column content-text active-extra-styles \" data-block-type=\"unstyled\" data-block-weight=\"26\" data-block-id=\"3\">\n<p class=\"content-text__container \" data-track-category=\"Link no Texto\" data-track-links=\"\">Nesta semana, a Comiss\u00e3o de Constitui\u00e7\u00e3o e Justi\u00e7a (CCJ) da C\u00e2mara deu aval ao prosseguimento do projeto, que agora dever\u00e1 ser analisado por uma comiss\u00e3o especial.<\/p>\n<\/div>\n<div class=\"mc-column content-text active-extra-styles \" data-block-type=\"unstyled\" data-block-weight=\"48\" data-block-id=\"4\">\n<p class=\"content-text__container \" data-track-category=\"Link no Texto\" data-track-links=\"\">Na pr\u00e1tica, a PEC acaba com o direito de autoridades, como ministros, deputados e senadores, de responder a a\u00e7\u00f5es penais somente em inst\u00e2ncias superiores. A proposta, por\u00e9m, mant\u00e9m o foro privilegiado para os cargos de presidentes da Rep\u00fablica, da C\u00e2mara, do Senado e do Supremo Tribunal Federal (STF).<\/p>\n<\/div>\n<div class=\"mc-column content-text active-extra-styles \" data-block-type=\"unstyled\" data-block-weight=\"47\" data-block-id=\"5\">\n<p class=\"content-text__container \" data-track-category=\"Link no Texto\" data-track-links=\"\">&#8220;2018 \u00e9 um ano de elei\u00e7\u00e3o, em que a sintonia com aquilo que pensa a sociedade ganha ainda mais relev\u00e2ncia. Portanto, tenho expectativa positiva [&#8230;] que sim, podemos no primeiro semestre de 2018 encerrar esse ciclo de tramita\u00e7\u00e3o do foro privilegiado na C\u00e2mara&#8221;, disse Efraim.<\/p>\n<\/div>\n<div class=\"mc-column content-text active-extra-styles \" data-block-type=\"unstyled\" data-block-weight=\"30\" data-block-id=\"6\">\n<p class=\"content-text__container \" data-track-category=\"Link no Texto\" data-track-links=\"\">&#8220;\u00c9 fazer esse avan\u00e7o de cidadania, eliminando um instrumento que transmite mensagem de impunidade para a sociedade, com blindagem a casos de corrup\u00e7\u00e3o envolvendo autoridades, especialmente pol\u00edticos&#8221;, acrescentou o relator.<\/p>\n<div class=\"mc-column content-text active-extra-styles\" data-block-type=\"raw\" data-block-weight=\"1\" data-block-id=\"8\">\n<div class=\"content-intertitle\">\n<h2>Tramita\u00e7\u00e3o<\/h2>\n<\/div>\n<\/div>\n<div class=\"mc-column content-text active-extra-styles \" data-block-type=\"unstyled\" data-block-weight=\"23\" data-block-id=\"9\">\n<p class=\"content-text__container \" data-track-category=\"Link no Texto\" data-track-links=\"\">Como a proposta j\u00e1 foi<span>\u00a0aprova da pelo Senado<\/span>, passar\u00e1 agora a ser analisada por uma comiss\u00e3o especial antes de ser levada ao plen\u00e1rio.<\/p>\n<div class=\"mc-column content-text active-extra-styles \" data-block-type=\"unstyled\" data-block-weight=\"19\" data-block-id=\"11\">\n<p class=\"content-text__container \" data-track-category=\"Link no Texto\" data-track-links=\"\">Se aprovada por 3\/5 dos deputados (308 dos 513), em dois turnos, dever\u00e1 ser promulgada e passar\u00e1 a valer.<\/p>\n<\/div>\n<div class=\"mc-column content-text active-extra-styles \" data-block-type=\"unstyled\" data-block-weight=\"31\" data-block-id=\"12\">\n<p class=\"content-text__container \" data-track-category=\"Link no Texto\" data-track-links=\"\">Nesta sexta (24), o presidente da C\u00e2mara, Rodrigo Maia (DEM-RJ), afirmou que se reunir\u00e1 na pr\u00f3xima ter\u00e7a (28) com a presidente do STF, C\u00e1rmen L\u00facia.<\/p>\n<\/div>\n<div class=\"mc-column content-text active-extra-styles \" data-block-type=\"unstyled\" data-block-weight=\"25\" data-block-id=\"13\">\n<p class=\"content-text__container \" data-track-category=\"Link no Texto\" data-track-links=\"\">\u00c9 nesta comiss\u00e3o que os deputados poder\u00e3o discutir mais a fundo o m\u00e9rito do texto. Na CCJ, se tratou principalmente da compatibilidade com a Constitui\u00e7\u00e3o.<\/p>\n<p>Fonte: G1<\/p>\n<\/div>\n<\/div>\n<\/div>\n","protected":false},"excerpt":{"rendered":"<p>O relator da Proposta de Emenda \u00e0 Constitui\u00e7\u00e3o (PEC) que p\u00f5e fim ao foro privilegiado em casos de crimes comuns, deputado Efraim Filho (DEM-PB), disse&#8230;<\/p>\n","protected":false},"author":1182,"featured_media":18212,"comment_status":"closed","ping_status":"closed","sticky":false,"template":"","format":"standard","meta":{"footnotes":""},"categories":[6],"tags":[],"class_list":["post-25406","post","type-post","status-publish","format-standard","has-post-thumbnail","hentry","category-noticias"],"_links":{"self":[{"href":"https:\/\/www.sincomam.org.br\/index.php\/wp-json\/wp\/v2\/posts\/25406","targetHints":{"allow":["GET"]}}],"collection":[{"href":"https:\/\/www.sincomam.org.br\/index.php\/wp-json\/wp\/v2\/posts"}],"about":[{"href":"https:\/\/www.sincomam.org.br\/index.php\/wp-json\/wp\/v2\/types\/post"}],"author":[{"embeddable":true,"href":"https:\/\/www.sincomam.org.br\/index.php\/wp-json\/wp\/v2\/users\/1182"}],"replies":[{"embeddable":true,"href":"https:\/\/www.sincomam.org.br\/index.php\/wp-json\/wp\/v2\/comments?post=25406"}],"version-history":[{"count":1,"href":"https:\/\/www.sincomam.org.br\/index.php\/wp-json\/wp\/v2\/posts\/25406\/revisions"}],"predecessor-version":[{"id":25407,"href":"https:\/\/www.sincomam.org.br\/index.php\/wp-json\/wp\/v2\/posts\/25406\/revisions\/25407"}],"wp:featuredmedia":[{"embeddable":true,"href":"https:\/\/www.sincomam.org.br\/index.php\/wp-json\/wp\/v2\/media\/18212"}],"wp:attachment":[{"href":"https:\/\/www.sincomam.org.br\/index.php\/wp-json\/wp\/v2\/media?parent=25406"}],"wp:term":[{"taxonomy":"category","embeddable":true,"href":"https:\/\/www.sincomam.org.br\/index.php\/wp-json\/wp\/v2\/categories?post=25406"},{"taxonomy":"post_tag","embeddable":true,"href":"https:\/\/www.sincomam.org.br\/index.php\/wp-json\/wp\/v2\/tags?post=25406"}],"curies":[{"name":"wp","href":"https:\/\/api.w.org\/{rel}","templated":true}]}}